{"id":49525,"date":"2022-12-21T09:02:00","date_gmt":"2022-12-21T15:02:00","guid":{"rendered":"http:\/\/www.zonaroja.com.mx\/?p=49525"},"modified":"2022-12-21T07:04:20","modified_gmt":"2022-12-21T13:04:20","slug":"exigen-a-amlo-cesar-hostigamiento-contra-periodistas-tras-atentado-a-ciro","status":"publish","type":"post","link":"https:\/\/zonaroja.com.mx\/?p=49525","title":{"rendered":"Exigen a AMLO cesar hostigamiento contra periodistas, tras atentado a Ciro"},"content":{"rendered":"\n<p>Redacci\u00f3n\/Zona Roja Cdmx.<\/p>\n\n\n\n<p>Ciudad de M\u00e9xico, a 21 de diciembre de 2022.- Periodistas de M\u00e9xico exigieron este martes 20 de diciembre al presidente Andr\u00e9s Manuel L\u00f3pez Obrador cesar los hostigamientos contra la prensa, luego de que el mandatario insistiera en su \u2018ma\u00f1anera\u2019 que podr\u00eda existir un autoatentado detr\u00e1s del ataque al conductor Ciro G\u00f3mez Leyva.<\/p>\n\n\n\n<p>En una carta abierta, 177 periodistas mexicanos -entre reporteros, editores, columnistas y articulistas- afirmaron que todas las emanaciones de odio hacia los comunicadores se \u201cincuban, nacen y se esparcen\u201d en Palacio Nacional.<\/p>\n\n\n\n<p>\u201cLa difamaci\u00f3n, que sustituye al debate de ideas, es una convocatoria a la violencia f\u00edsica contra los periodistas estigmatizados por el presidente\u201d, sostuvieron.<\/p>\n\n\n\n<p>Ante esto, expresaron su solidaridad con el conductor de Imagen, Ciro G\u00f3mez Leyva, quien el pasado jueves por la noche sufri\u00f3 una emboscada y fue atacado a balazos, para matarlo.<\/p>\n\n\n\n<p>Adem\u00e1s, exigieron al gobierno mexicano que esclarezca el ataque contra el comunicador, castigue a los culpables materiales e intelectuales, y que el presidente L\u00f3pez Obrador asuma su responsabilidad pol\u00edtica en el intento de asesinato.<\/p>\n\n\n\n<p>Incluso, recordaron que los asesinatos de periodistas han marcado un r\u00e9cord en este sexenio \u201cy la impunidad es alarmante\u201d, por lo que, de no autocontrolarse el presidente L\u00f3pez Obrador en sus impulsos de ira hacia periodistas cr\u00edticos, el pa\u00eds entrar\u00e1 en una etapa a\u00fan m\u00e1s sangrienta que ya han experimentado otros pa\u00edses latinoamericanos.<\/p>\n\n\n\n<p>Entre los periodistas que firmaron esta carta se encuentran: David Aponte, Alejandro Hope, Adela Micha, Ana Paula Ordorica, Adriana Malvido, Alfonso Z\u00e1rate, entre otros.<\/p>\n\n\n\n<p>Y ACUSA A LA OPOSICI\u00d3N<\/p>\n\n\n\n<p>En su \u2018ma\u00f1anera\u2019 de este lunes, el presidente L\u00f3pez Obrador sugiri\u00f3 que \u201cgrupos contrarios\u201d a su Gobierno pueden estar detr\u00e1s del atentando contra el periodista Ciro G\u00f3mez Leyva.<\/p>\n\n\n\n<p>El mandatario tambi\u00e9n puso sobre la mesa que el ataque contra el conductor de Grupo F\u00f3rmula pudo haber ocurrido por un reportaje publicado por G\u00f3mez Leyva.<\/p>\n\n\n\n<p>\u201cPero tambi\u00e9n el que grupos contrarios a nosotros, para afectarnos, hayan llevado a cabo un acto con esas caracter\u00edsticas. En este caso en particular, les dir\u00eda de que adem\u00e1s de una vileza, no tendr\u00eda el efecto que, posiblemente si existiera esa intenci\u00f3n, causar\u00eda para afectar a nuestro Gobierno\u201d, afirm\u00f3 en Palacio Nacional.<\/p>\n\n\n\n<p>La declaraci\u00f3n de L\u00f3pez Obrador se dio despu\u00e9s de se\u00f1alar que su administraci\u00f3n ha enfrentado constantes \u201cataques\u201d por parte de la oposici\u00f3n.<\/p>\n\n\n\n<p>(Informaci\u00f3n de \u201cEl Financiero\u201d)<\/p>\n","protected":false},"excerpt":{"rendered":"<p>Redacci\u00f3n\/Zona Roja Cdmx. Ciudad de M\u00e9xico, a 21 de diciembre de 2022.- Periodistas de M\u00e9xico&hellip;<\/p>\n","protected":false},"author":2,"featured_media":2808,"comment_status":"closed","ping_status":"open","sticky":false,"template":"","format":"standard","meta":{"_lmt_disableupdate":"","_lmt_disable":"","_jetpack_memberships_contains_paid_content":false,"footnotes":""},"categories":[109,47],"tags":[1016],"class_list":["post-49525","post","type-post","status-publish","format-standard","has-post-thumbnail","hentry","category-minuto-a-minuto","category-zona-gris","tag-asesinato-de-periodistas-en-mexico"],"jetpack_featured_media_url":"https:\/\/zonaroja.com.mx\/wp-content\/uploads\/2019\/08\/prensa-3.png","jetpack_sharing_enabled":true,"_links":{"self":[{"href":"https:\/\/zonaroja.com.mx\/index.php?rest_route=\/wp\/v2\/posts\/49525","targetHints":{"allow":["GET"]}}],"collection":[{"href":"https:\/\/zonaroja.com.mx\/index.php?rest_route=\/wp\/v2\/posts"}],"about":[{"href":"https:\/\/zonaroja.com.mx\/index.php?rest_route=\/wp\/v2\/types\/post"}],"author":[{"embeddable":true,"href":"https:\/\/zonaroja.com.mx\/index.php?rest_route=\/wp\/v2\/users\/2"}],"replies":[{"embeddable":true,"href":"https:\/\/zonaroja.com.mx\/index.php?rest_route=%2Fwp%2Fv2%2Fcomments&post=49525"}],"version-history":[{"count":1,"href":"https:\/\/zonaroja.com.mx\/index.php?rest_route=\/wp\/v2\/posts\/49525\/revisions"}],"predecessor-version":[{"id":49526,"href":"https:\/\/zonaroja.com.mx\/index.php?rest_route=\/wp\/v2\/posts\/49525\/revisions\/49526"}],"wp:featuredmedia":[{"embeddable":true,"href":"https:\/\/zonaroja.com.mx\/index.php?rest_route=\/wp\/v2\/media\/2808"}],"wp:attachment":[{"href":"https:\/\/zonaroja.com.mx\/index.php?rest_route=%2Fwp%2Fv2%2Fmedia&parent=49525"}],"wp:term":[{"taxonomy":"category","embeddable":true,"href":"https:\/\/zonaroja.com.mx\/index.php?rest_route=%2Fwp%2Fv2%2Fcategories&post=49525"},{"taxonomy":"post_tag","embeddable":true,"href":"https:\/\/zonaroja.com.mx\/index.php?rest_route=%2Fwp%2Fv2%2Ftags&post=49525"}],"curies":[{"name":"wp","href":"https:\/\/api.w.org\/{rel}","templated":true}]}}