{"id":49527,"date":"2022-12-21T07:08:25","date_gmt":"2022-12-21T13:08:25","guid":{"rendered":"http:\/\/www.zonaroja.com.mx\/?p=49527"},"modified":"2022-12-21T07:08:27","modified_gmt":"2022-12-21T13:08:27","slug":"detienen-en-jalisco-al-hermano-de-el-mencho-segundo-al-mando-del-cjng","status":"publish","type":"post","link":"https:\/\/zonaroja.com.mx\/?p=49527","title":{"rendered":"Detienen en Jalisco al hermano de \u201cEl Mencho\u201d, segundo al mando del CJNG"},"content":{"rendered":"\n<p>Redacci\u00f3n\/Zona Roja Cdmx.<\/p>\n\n\n\n<p>Ciudad de M\u00e9xico, a 21 de diciembre de 2022.- Confirman la detenci\u00f3n de Antonio Oseguera Cervantes, alias \u201cMontana\u201d, hermano de Nemesio Oseguera Cervantes, alias \u201cEl Mencho\u201d y l\u00edder del C\u00e1rtel Jalisco Nueva Generaci\u00f3n.<\/p>\n\n\n\n<p>Elementos del Ej\u00e9rcito Mexicano y de la Secretar\u00eda de la Defensa Nacional (Sedena) realizaron un operativo en el municipio de Tlajomulco, Jalisco, donde se captur\u00f3 sin realizar un disparo de arma de fuego, al hermano del jefe de dicha organizaci\u00f3n delictiva.<\/p>\n\n\n\n<p>La detenci\u00f3n habr\u00eda ocurrido cerca de las cuatro de la ma\u00f1ana de ayer, donde personal de inteligencia militar realiz\u00f3 un despliegue en uno de los fraccionamientos de lujo ubicado al sur del municipio de Tlajomulco.<\/p>\n\n\n\n<p>Antonio Oseguera Cervantes, alias \u201cMontana\u201d, se le se\u00f1ala como uno de los principales generadores de violencia en el \u00e1rea metropolitana de Guadalajara, donde coordinaba y ordenaba ejecuciones, secuestros, torturas, y muertes contra grupo rivales que intentaban incursionar a su territorio.<\/p>\n\n\n\n<p>A \u201cMontana\u201d se le vincula por la adquisici\u00f3n de grandes cantidades de armamento para armar a su cartel.<\/p>\n\n\n\n<p>Al momento de su detenci\u00f3n, las autoridades aseguraron seis armas cortas, un arma larga, diversos cargadores para aumento de alto poder, dos veh\u00edculos, adem\u00e1s de droga, la cual est\u00e1 a disposici\u00f3n del agente del Ministerio P\u00fablico Federal.<\/p>\n\n\n\n<p>Antonio Oseguera alias \u201cMontana\u201d ya hab\u00eda sido detenido por autoridades del gobierno mexicano y de los Estados Unidos de Am\u00e9rica en el a\u00f1o 2001, donde cumpli\u00f3 una condena en el estado de Misisipi por da\u00f1o en propiedad ajena.<\/p>\n\n\n\n<p>En el 2008, la oficina Federal de Prisiones del Estado inform\u00f3 que estuvo recluido en la prisi\u00f3n norteamericana cumpliendo una nueva condena.<\/p>\n\n\n\n<p>En el 2015, fue detenido por el ej\u00e9rcito mexicano, en flagrancia delictiva por el delito de robo calificado, siendo liberado en diciembre del 2016 por falta de pruebas.<\/p>\n\n\n\n<p>En octubre del 2016 fue catalogado por el Departamento del Tesoro de los Estados Unidos de Norteam\u00e9rica en su participaci\u00f3n en el blanqueo de capitales y narcotr\u00e1fico internacional, en beneficio del Cartel Jalisco Nueva Generaci\u00f3n.<\/p>\n\n\n\n<p>(Informaci\u00f3n de <a href=\"http:\/\/udgtv.com\">udgtv.com<\/a>)&nbsp;<\/p>\n","protected":false},"excerpt":{"rendered":"<p>Redacci\u00f3n\/Zona Roja Cdmx. Ciudad de M\u00e9xico, a 21 de diciembre de 2022.- Confirman la detenci\u00f3n&hellip;<\/p>\n","protected":false},"author":2,"featured_media":49524,"comment_status":"closed","ping_status":"open","sticky":false,"template":"","format":"standard","meta":{"_lmt_disableupdate":"","_lmt_disable":"","_jetpack_memberships_contains_paid_content":false,"footnotes":""},"categories":[109,47],"tags":[1492],"class_list":["post-49527","post","type-post","status-publish","format-standard","has-post-thumbnail","hentry","category-minuto-a-minuto","category-zona-gris","tag-cartel-jalisco-nueva-generacion"],"jetpack_featured_media_url":"https:\/\/zonaroja.com.mx\/wp-content\/uploads\/2022\/12\/img_0722.jpg","jetpack_sharing_enabled":true,"_links":{"self":[{"href":"https:\/\/zonaroja.com.mx\/index.php?rest_route=\/wp\/v2\/posts\/49527","targetHints":{"allow":["GET"]}}],"collection":[{"href":"https:\/\/zonaroja.com.mx\/index.php?rest_route=\/wp\/v2\/posts"}],"about":[{"href":"https:\/\/zonaroja.com.mx\/index.php?rest_route=\/wp\/v2\/types\/post"}],"author":[{"embeddable":true,"href":"https:\/\/zonaroja.com.mx\/index.php?rest_route=\/wp\/v2\/users\/2"}],"replies":[{"embeddable":true,"href":"https:\/\/zonaroja.com.mx\/index.php?rest_route=%2Fwp%2Fv2%2Fcomments&post=49527"}],"version-history":[{"count":1,"href":"https:\/\/zonaroja.com.mx\/index.php?rest_route=\/wp\/v2\/posts\/49527\/revisions"}],"predecessor-version":[{"id":49528,"href":"https:\/\/zonaroja.com.mx\/index.php?rest_route=\/wp\/v2\/posts\/49527\/revisions\/49528"}],"wp:featuredmedia":[{"embeddable":true,"href":"https:\/\/zonaroja.com.mx\/index.php?rest_route=\/wp\/v2\/media\/49524"}],"wp:attachment":[{"href":"https:\/\/zonaroja.com.mx\/index.php?rest_route=%2Fwp%2Fv2%2Fmedia&parent=49527"}],"wp:term":[{"taxonomy":"category","embeddable":true,"href":"https:\/\/zonaroja.com.mx\/index.php?rest_route=%2Fwp%2Fv2%2Fcategories&post=49527"},{"taxonomy":"post_tag","embeddable":true,"href":"https:\/\/zonaroja.com.mx\/index.php?rest_route=%2Fwp%2Fv2%2Ftags&post=49527"}],"curies":[{"name":"wp","href":"https:\/\/api.w.org\/{rel}","templated":true}]}}