{"id":4953,"date":"2019-10-19T08:13:15","date_gmt":"2019-10-19T13:13:15","guid":{"rendered":"http:\/\/www.zonaroja.com.mx\/?p=4953"},"modified":"2019-10-19T08:13:17","modified_gmt":"2019-10-19T13:13:17","slug":"desnuda-culiacan-fallas-y-contubernio-de-gobierno-con-narcos","status":"publish","type":"post","link":"https:\/\/zonaroja.com.mx\/?p=4953","title":{"rendered":"Desnuda Culiac\u00e1n fallas y contubernio de gobierno con \u201cnarcos\u201d"},"content":{"rendered":"\n<p>Redacci\u00f3n\/Zona Roja Cdmx.<\/p>\n\n\n\n<p>Ciudad de M\u00e9xico, 19 de octubre de\n2019.- La frustrada detenci\u00f3n de Ovidio Guzm\u00e1n, \u201cEl Chapito\u201d, en Culiac\u00e1n, Sinal\u00f3a,\nexhibi\u00f3 una cadena de fallas gubernamentales y las complicidades de soldados\ncon sicarios, en medio de la refriega, dio a conocer el diario \u201cReforma\u201d.<\/p>\n\n\n\n<p>El Gobierno Federal acept\u00f3 ayer que el\noperativo para capturar a \u201cEl Chapito\u201d, protagonizado por la Guardia Nacional\n(GN), obedeci\u00f3 a una orden de captura con fines de extradici\u00f3n a Estados\nUnidos.<\/p>\n\n\n\n<p>La captura no pudo concretarse por la\nprecipitaci\u00f3n y la nula comunicaci\u00f3n con mandos superiores, adem\u00e1s de la falta\nde previsi\u00f3n sobre las reacciones del c\u00e1rtel de Sinaloa, a\u00f1adi\u00f3 el rotativo.<\/p>\n\n\n\n<p>El saldo de esas fatalidades fue de ocho\nmuertos: cuatro sicarios, dos civiles, un efectivo de la Guardia Nacional y un\ncustodio carcelario.<\/p>\n\n\n\n<p>Tambi\u00e9n 14 agresiones a fuerzas\npoliciales, 42 autos despojados, 9 veh\u00edculos quemados, 8 veh\u00edculos militares y\nun helic\u00f3ptero agredidos, junto con 55 reos fugados y ataques armados a la\nNovena Zona Militar, la Unidad Habitacional del Ej\u00e9rcito y la Fiscal\u00eda Estatal.<\/p>\n\n\n\n<p>El investigador Sergio Aguayo, experto\nen seguridad nacional, consider\u00f3 que lo acontecido es una muestra de que falt\u00f3\nun trabajo de inteligencia previo<\/p>\n\n\n\n<p>FUE PARA SALVAR VIDAS<\/p>\n\n\n\n<p>\u201cLa decisi\u00f3n la tom\u00f3 el gabinete de\nseguridad, de manera conjunta, los secretarios de la Defensa, de Marina, de\nSeguridad P\u00fablica. Yo respald\u00e9 esa postura porque considero que lo m\u00e1s\nimportante es la protecci\u00f3n de las personas\u201d.<\/p>\n\n\n\n<p>As\u00ed explic\u00f3 el presidente de M\u00e9xico,\nAndr\u00e9s Manuel L\u00f3pez Obrador, cuando le preguntaron por qu\u00e9 fue liberado Ovidio\nGuzm\u00e1n L\u00f3pez, hijo de Joaqu\u00edn \u201cEl Chapo\u201d Guzm\u00e1n, tras ser detenido este jueves\nen Culiac\u00e1n, Sinaloa.<\/p>\n\n\n\n<p>\u201cNo se trata de masacres. Eso se\nacab\u00f3\u201d, dijo el Presidente reiterando la decisi\u00f3n de detener las operaciones.\n\u201cLa captura de un criminal no puede valer m\u00e1s que la vida de las personas\u201d, y\nagrega, \u201cno se puede apagar el fuego con fuego\u201d.<\/p>\n\n\n\n<p>AMENAZARON A MILITARES<\/p>\n\n\n\n<p>El diario \u201cThe Wall Street Journal\u201d\nasegur\u00f3 que, durante el operativo para detener a Ovidio Guzm\u00e1n L\u00f3pez, en\nCuliac\u00e1n, Sinaloa, mandos militares recibieron videos de militares capturados e\nincluso uno de ellos fue presuntamente ejecutado.<\/p>\n\n\n\n<p>Despu\u00e9s de la detenci\u00f3n del hijo de\nJoaqu\u00edn Guzm\u00e1n Loera, alias \u201cEl Chapo\u201d, grupos del crimen organizado realizaron\nal menos 19 bloqueos de vialidades, 14 agresiones con armas de fuego a\nmilitares y elementos de la Guardia Nacional.<\/p>\n","protected":false},"excerpt":{"rendered":"<p>Redacci\u00f3n\/Zona Roja Cdmx. Ciudad de M\u00e9xico, 19 de octubre de 2019.- La frustrada detenci\u00f3n de&hellip;<\/p>\n","protected":false},"author":2,"featured_media":4954,"comment_status":"closed","ping_status":"open","sticky":false,"template":"","format":"standard","meta":{"_lmt_disableupdate":"","_lmt_disable":"","_jetpack_memberships_contains_paid_content":false,"footnotes":""},"categories":[109,51],"tags":[887,136],"class_list":["post-4953","post","type-post","status-publish","format-standard","has-post-thumbnail","hentry","category-minuto-a-minuto","category-zona-roja","tag-ovidio-guzman-lopez","tag-sinaloa"],"jetpack_featured_media_url":"https:\/\/zonaroja.com.mx\/wp-content\/uploads\/2019\/10\/Culiac\u00e1n-2.jpg","jetpack_sharing_enabled":true,"_links":{"self":[{"href":"https:\/\/zonaroja.com.mx\/index.php?rest_route=\/wp\/v2\/posts\/4953","targetHints":{"allow":["GET"]}}],"collection":[{"href":"https:\/\/zonaroja.com.mx\/index.php?rest_route=\/wp\/v2\/posts"}],"about":[{"href":"https:\/\/zonaroja.com.mx\/index.php?rest_route=\/wp\/v2\/types\/post"}],"author":[{"embeddable":true,"href":"https:\/\/zonaroja.com.mx\/index.php?rest_route=\/wp\/v2\/users\/2"}],"replies":[{"embeddable":true,"href":"https:\/\/zonaroja.com.mx\/index.php?rest_route=%2Fwp%2Fv2%2Fcomments&post=4953"}],"version-history":[{"count":1,"href":"https:\/\/zonaroja.com.mx\/index.php?rest_route=\/wp\/v2\/posts\/4953\/revisions"}],"predecessor-version":[{"id":4955,"href":"https:\/\/zonaroja.com.mx\/index.php?rest_route=\/wp\/v2\/posts\/4953\/revisions\/4955"}],"wp:featuredmedia":[{"embeddable":true,"href":"https:\/\/zonaroja.com.mx\/index.php?rest_route=\/wp\/v2\/media\/4954"}],"wp:attachment":[{"href":"https:\/\/zonaroja.com.mx\/index.php?rest_route=%2Fwp%2Fv2%2Fmedia&parent=4953"}],"wp:term":[{"taxonomy":"category","embeddable":true,"href":"https:\/\/zonaroja.com.mx\/index.php?rest_route=%2Fwp%2Fv2%2Fcategories&post=4953"},{"taxonomy":"post_tag","embeddable":true,"href":"https:\/\/zonaroja.com.mx\/index.php?rest_route=%2Fwp%2Fv2%2Ftags&post=4953"}],"curies":[{"name":"wp","href":"https:\/\/api.w.org\/{rel}","templated":true}]}}