{"id":49531,"date":"2022-12-21T13:29:00","date_gmt":"2022-12-21T19:29:00","guid":{"rendered":"http:\/\/www.zonaroja.com.mx\/?p=49531"},"modified":"2022-12-21T07:30:28","modified_gmt":"2022-12-21T13:30:28","slug":"opinion-si-van-tan-bien-por-que-la-reforma-electoral","status":"publish","type":"post","link":"https:\/\/zonaroja.com.mx\/?p=49531","title":{"rendered":"Opini\u00f3n. Si van tan bien, \u00bfpor qu\u00e9 la reforma electoral?"},"content":{"rendered":"\n<p>Gibr\u00e1n Ram\u00edrez Reyes*<\/p>\n\n\n\n<p>Rumbo a la elecci\u00f3n de 2024, Morena parecer\u00eda ir viento en popa. La c\u00fapula del poder morenista se ha cansado de presumir su ventaja en las encuestas, la aprobaci\u00f3n de AMLO y la marcha que comprobar\u00eda su gran arrastre social, que en su narrativa seguir\u00eda casi intacto despu\u00e9s de un ejercicio de gobierno peor que mediocre.&nbsp;<\/p>\n\n\n\n<p>L\u00f3pez Obrador, por su parte, ha dicho que entre los m\u00e1s poderosos empresarios de M\u00e9xico ninguno ha perdido dinero. Se ha quedado corto y no ha dicho lo fundamental: al pu\u00f1ado de hombres que parten y reparten el queso en M\u00e9xico les ha ido espectacularmente bien: han crecido sus fortunas mientras los dem\u00e1s se empobrecen.&nbsp;<\/p>\n\n\n\n<p>Los Slim, Baill\u00e8res, Larrea, Fern\u00e1ndez, Servitje, Hank, Garza Sada, Salinas Pliego, Valle, no han sufrido el gobierno de AMLO, sino aprovechado su desgobierno y recuperado con la mano derecha \u2013y con creces\u2014 lo que se les cobra de impuestos con la izquierda.&nbsp;<\/p>\n\n\n\n<p>Que ha incrementado la riqueza extrema de once personas lo ha documentado la CEPAL; que baj\u00f3 dram\u00e1ticamente la recaudaci\u00f3n de impuestos entre los grandes mineros aunque la producci\u00f3n haya crecido, lo report\u00f3 la propia C\u00e1mara de la Industria.&nbsp;<\/p>\n\n\n\n<p>Los ricos, de verdad ricos, los que tienen fortunas de miles de millones de d\u00f3lares, est\u00e1n contentos, y el discurso del gobierno mantiene pasivos a los oprimidos del sistema. No es gratuito que Carlos Slim, por ejemplo, llene de loas al futuro mexicano, que m\u00e1s bien es incierto y oscuro.&nbsp;<\/p>\n\n\n\n<p>Adicionalmente, el entorno pol\u00edtico que rodea a Claudia Sheinbaum tiene conexiones \u2013adem\u00e1s de con este gran empresariado\u2014 con la tecnocracia neoliberal que gobern\u00f3 al pa\u00eds con Enrique Pe\u00f1a Nieto, lo que detallar\u00e9 en un texto posterior.&nbsp;<\/p>\n\n\n\n<p>La pregunta es: si tienen todo esto a su favor, si la candidatura de Sheinbaum es la candidatura del sistema, \u00bfpor qu\u00e9 tienen que hacer avanzar una reforma pol\u00edtica que destruye buena parte del aparato de organizaci\u00f3n y cuidado de las elecciones?<\/p>\n\n\n\n<p>La respuesta es que L\u00f3pez Obrador y su equipo tienen miedo del comportamiento de las clases medias urbanas.&nbsp;<\/p>\n\n\n\n<p>En 2021 recibieron una muestra de que estas, autoorganizadas y movilizadas pol\u00edticamente, pueden derrotar a su aparato.&nbsp;<\/p>\n\n\n\n<p>As\u00ed perdieron la Ciudad de M\u00e9xico sin esperarlo ni advertirlo las encuestas, pero tampoco han podido tomar ciudades tan simb\u00f3licas como Monterrey o Guadalajara, y perdieron algunas que antes hab\u00edan ganado (como Morelia).&nbsp;<\/p>\n\n\n\n<p>La marcha del aparato fue, por eso, para desmotivar y apabullar a ese sector social cuya fracci\u00f3n m\u00e1s progresista fue, por cierto, la que mantuvo vivo pol\u00edticamente al movimiento social que encabez\u00f3 antes de ser presidente.&nbsp;<\/p>\n\n\n\n<p>Sin clases medias urbanas, la manipulaci\u00f3n y la antidemocracia con que se maneja la pol\u00edtica en los territorios con menor presencia de las instituciones del Estado y donde sigue campeando el fraude electoral, lo habr\u00edan extinguido.&nbsp;<\/p>\n\n\n\n<p>Las clases medias urbanas siguen en lo mismo, buscando pluralismo y democracia; a la oligarqu\u00eda eso le da m\u00e1s o menos igual, porque no han dejado de ganar; las clases populares privadas del derecho a la seguridad social han padecido la crisis m\u00e1s que nadie.&nbsp;<\/p>\n\n\n\n<p>La clase pol\u00edtica morenista, sin embargo, est\u00e1 dispuesta a superar a los gobiernos de Fox, Calder\u00f3n y Pe\u00f1a en su desprecio a la legalidad y su vocaci\u00f3n autoritaria \u2013es la \u00fanica v\u00eda que tienen para mantenerse en el poder.<\/p>\n\n\n\n<p>*Doctor en ciencia pol\u00edtica por la UNAM.<\/p>\n\n\n\n<p>@gibranrr<\/p>\n","protected":false},"excerpt":{"rendered":"<p>Gibr\u00e1n Ram\u00edrez Reyes* Rumbo a la elecci\u00f3n de 2024, Morena parecer\u00eda ir viento en popa.&hellip;<\/p>\n","protected":false},"author":2,"featured_media":41734,"comment_status":"closed","ping_status":"open","sticky":false,"template":"","format":"standard","meta":{"_lmt_disableupdate":"","_lmt_disable":"","_jetpack_memberships_contains_paid_content":false,"footnotes":""},"categories":[456,109],"tags":[2489],"class_list":["post-49531","post","type-post","status-publish","format-standard","has-post-thumbnail","hentry","category-columna","category-minuto-a-minuto","tag-gibran-ramirez-reyes"],"jetpack_featured_media_url":"https:\/\/zonaroja.com.mx\/wp-content\/uploads\/2022\/05\/Opinion-Gibran-Ramirez-Reyes.jpg","jetpack_sharing_enabled":true,"_links":{"self":[{"href":"https:\/\/zonaroja.com.mx\/index.php?rest_route=\/wp\/v2\/posts\/49531","targetHints":{"allow":["GET"]}}],"collection":[{"href":"https:\/\/zonaroja.com.mx\/index.php?rest_route=\/wp\/v2\/posts"}],"about":[{"href":"https:\/\/zonaroja.com.mx\/index.php?rest_route=\/wp\/v2\/types\/post"}],"author":[{"embeddable":true,"href":"https:\/\/zonaroja.com.mx\/index.php?rest_route=\/wp\/v2\/users\/2"}],"replies":[{"embeddable":true,"href":"https:\/\/zonaroja.com.mx\/index.php?rest_route=%2Fwp%2Fv2%2Fcomments&post=49531"}],"version-history":[{"count":1,"href":"https:\/\/zonaroja.com.mx\/index.php?rest_route=\/wp\/v2\/posts\/49531\/revisions"}],"predecessor-version":[{"id":49532,"href":"https:\/\/zonaroja.com.mx\/index.php?rest_route=\/wp\/v2\/posts\/49531\/revisions\/49532"}],"wp:featuredmedia":[{"embeddable":true,"href":"https:\/\/zonaroja.com.mx\/index.php?rest_route=\/wp\/v2\/media\/41734"}],"wp:attachment":[{"href":"https:\/\/zonaroja.com.mx\/index.php?rest_route=%2Fwp%2Fv2%2Fmedia&parent=49531"}],"wp:term":[{"taxonomy":"category","embeddable":true,"href":"https:\/\/zonaroja.com.mx\/index.php?rest_route=%2Fwp%2Fv2%2Fcategories&post=49531"},{"taxonomy":"post_tag","embeddable":true,"href":"https:\/\/zonaroja.com.mx\/index.php?rest_route=%2Fwp%2Fv2%2Ftags&post=49531"}],"curies":[{"name":"wp","href":"https:\/\/api.w.org\/{rel}","templated":true}]}}