{"id":49533,"date":"2022-12-21T07:42:42","date_gmt":"2022-12-21T13:42:42","guid":{"rendered":"http:\/\/www.zonaroja.com.mx\/?p=49533"},"modified":"2022-12-21T07:42:43","modified_gmt":"2022-12-21T13:42:43","slug":"cumplen-cinco-dias-desaparecidos-dos-menores-en-la-costa-tras-masacre","status":"publish","type":"post","link":"https:\/\/zonaroja.com.mx\/?p=49533","title":{"rendered":"Cumplen cinco d\u00edas desaparecidos dos menores en la Costa, tras masacre"},"content":{"rendered":"\n<p>Redacci\u00f3n\/Zona Roja.<\/p>\n\n\n\n<p>Oaxaca de Ju\u00e1rez, Oax., 21 de diciembre de 2022.- La Fiscal\u00eda General del Estado de Oaxaca (FGEO) realiza trabajos de b\u00fasqueda y localizaci\u00f3n para dar con el paradero de dos menores de edad, identificados como Jacob V\u00e1squez Gonz\u00e1lez, de cinco a\u00f1os de edad, y Belinda Esther V\u00e1squez Aguilar, de 12 a\u00f1os de edad, en la regi\u00f3n de la Costa de Oaxaca.<\/p>\n\n\n\n<p>Ayer, por cuarto d\u00eda consecutivo, la FGEO, a trav\u00e9s de la Vicefical\u00eda Regional de la Costa, despleg\u00f3 a elementos de la Agencia Estatal de Investigaciones (AEI) para realizar las labores de b\u00fasqueda.<\/p>\n\n\n\n<p>Las dos v\u00edctimas fueron vistos por \u00faltima vez el 17 de diciembre de este a\u00f1o, en su domicilio ubicado en el Barrio Grande en el municipio de San Pedro Atoyac.<\/p>\n\n\n\n<p>A partir de este reporte, la Unidad de B\u00fasqueda de Personas Desaparecidas y No Localizadas activ\u00f3 la Alerta Amber 32\/ALERTA-DNOL\/2022 y 33\/ALERTA-DNOL\/2022, al considerar que la integridad de las v\u00edctimas podr\u00eda estar en riesgo y solicita el apoyo de la ciudadan\u00eda para dar con su paradero.<\/p>\n\n\n\n<p>En tanto que los elementos de la AEI se han coordinado con la Secretar\u00eda de la Defensa Nacional, as\u00ed como la Polic\u00eda Estatal de la Secretar\u00eda de Seguridad P\u00fablica de Oaxaca, as\u00ed como diferentes corporaciones locales para colaborar en los trabajos de b\u00fasqueda.&nbsp;<\/p>\n\n\n\n<p>Este martes, la FGEO despleg\u00f3 nuevamente a personal de la Instituci\u00f3n para realizar recorridos y labores de investigaci\u00f3n en San Pedro Atoyac.<\/p>\n\n\n\n<p>PEDERASTA VINCULADO<\/p>\n\n\n\n<p>Por otra parte, la Fiscal\u00eda General obtuvo auto de vinculaci\u00f3n a proceso contra la persona del sexo masculino identificada como J. A. D., se\u00f1alado como probable responsable del delito pederastia en agravio de una ni\u00f1a de siete a\u00f1os de edad (cuya identidad es reservada), cometido en jurisdicci\u00f3n de la Villa de Tututepec de Melchor Ocampo, en la regi\u00f3n de la Costa.<\/p>\n\n\n\n<p>&nbsp;De acuerdo con la causa penal 652\/2022, el 6 de marzo de 2022, el probable responsable agredi\u00f3 de manera sexual a la v\u00edctima, cuando se encontraba en inmediaciones de un domicilio, ubicado en la demarcaci\u00f3n antes mencionada.<\/p>\n\n\n\n<p>Ante estos hechos y tras la denuncia presentada por familiares de la v\u00edctima, la Instituci\u00f3n de procuraci\u00f3n de justicia inici\u00f3 una exhaustiva investigaci\u00f3n -a trav\u00e9s de la Vicefiscal\u00eda Regional de la Costa-, logrando presentar ante el Juez de la causa al probable responsable.<\/p>\n\n\n\n<p>En audiencia y tras validar los datos de prueba proporcionados por la FGEO, el juez en turno determin\u00f3 vincular a proceso a J. A. D. y otorg\u00f3 dos meses para el cierre de investigaci\u00f3n complementaria.<\/p>\n","protected":false},"excerpt":{"rendered":"<p>Redacci\u00f3n\/Zona Roja. Oaxaca de Ju\u00e1rez, Oax., 21 de diciembre de 2022.- La Fiscal\u00eda General del&hellip;<\/p>\n","protected":false},"author":2,"featured_media":49425,"comment_status":"closed","ping_status":"open","sticky":false,"template":"","format":"standard","meta":{"_lmt_disableupdate":"","_lmt_disable":"","_jetpack_memberships_contains_paid_content":false,"footnotes":""},"categories":[109,46],"tags":[494,3121],"class_list":["post-49533","post","type-post","status-publish","format-standard","has-post-thumbnail","hentry","category-minuto-a-minuto","category-zona-blanca","tag-fiscalia-general-del-estado-de-oaxaca","tag-san-pedro-atoyac"],"jetpack_featured_media_url":"https:\/\/zonaroja.com.mx\/wp-content\/uploads\/2022\/12\/Menores-desaparecidos-San-Pedto-Atoyac-Costa-Oaxaca.jpg","jetpack_sharing_enabled":true,"_links":{"self":[{"href":"https:\/\/zonaroja.com.mx\/index.php?rest_route=\/wp\/v2\/posts\/49533","targetHints":{"allow":["GET"]}}],"collection":[{"href":"https:\/\/zonaroja.com.mx\/index.php?rest_route=\/wp\/v2\/posts"}],"about":[{"href":"https:\/\/zonaroja.com.mx\/index.php?rest_route=\/wp\/v2\/types\/post"}],"author":[{"embeddable":true,"href":"https:\/\/zonaroja.com.mx\/index.php?rest_route=\/wp\/v2\/users\/2"}],"replies":[{"embeddable":true,"href":"https:\/\/zonaroja.com.mx\/index.php?rest_route=%2Fwp%2Fv2%2Fcomments&post=49533"}],"version-history":[{"count":1,"href":"https:\/\/zonaroja.com.mx\/index.php?rest_route=\/wp\/v2\/posts\/49533\/revisions"}],"predecessor-version":[{"id":49534,"href":"https:\/\/zonaroja.com.mx\/index.php?rest_route=\/wp\/v2\/posts\/49533\/revisions\/49534"}],"wp:featuredmedia":[{"embeddable":true,"href":"https:\/\/zonaroja.com.mx\/index.php?rest_route=\/wp\/v2\/media\/49425"}],"wp:attachment":[{"href":"https:\/\/zonaroja.com.mx\/index.php?rest_route=%2Fwp%2Fv2%2Fmedia&parent=49533"}],"wp:term":[{"taxonomy":"category","embeddable":true,"href":"https:\/\/zonaroja.com.mx\/index.php?rest_route=%2Fwp%2Fv2%2Fcategories&post=49533"},{"taxonomy":"post_tag","embeddable":true,"href":"https:\/\/zonaroja.com.mx\/index.php?rest_route=%2Fwp%2Fv2%2Ftags&post=49533"}],"curies":[{"name":"wp","href":"https:\/\/api.w.org\/{rel}","templated":true}]}}