{"id":49535,"date":"2022-12-21T11:43:00","date_gmt":"2022-12-21T17:43:00","guid":{"rendered":"http:\/\/www.zonaroja.com.mx\/?p=49535"},"modified":"2022-12-21T07:46:46","modified_gmt":"2022-12-21T13:46:46","slug":"oaxaquena-rosy-castro-representara-a-comunidad-afro-en-conapred","status":"publish","type":"post","link":"https:\/\/zonaroja.com.mx\/?p=49535","title":{"rendered":"Oaxaque\u00f1a Rosy Castro representar\u00e1 a comunidad afro en Conapred"},"content":{"rendered":"\n<p>Yuridiana Sosa\/Zona Roja.<\/p>\n\n\n\n<p>Oaxaca de Ju\u00e1rez, Oax., 21 de diciembre de 2022.- La oaxaque\u00f1a defensora de derechos pol\u00edticos de las mujeres de los pueblos y comunidades afromexicanas, Rosa Mar\u00eda Castro Salinas, fue designada como integrante de la Asamblea Consultiva del Consejo Nacional para Prevenir la Discriminaci\u00f3n (Conapred).<\/p>\n\n\n\n<p>As\u00ed lo dio a conocer el Observatorio Mujeres Ind\u00edgenas y Afromexicanas , grupo en el que la dirigente funge como coordinadora de las mujeres afromexicanas.<\/p>\n\n\n\n<p>La activista tambi\u00e9n ha participado recientemente en actividades internacionales sobre esta materia, como ocurri\u00f3 a inicios del mes de diciembre en el Foro Permanente de los Afrodescendientes, en el Palacio de las Naciones Unidas en Ginebra, Suiza.<\/p>\n\n\n\n<p>Campos, directora de la Asociaci\u00f3n de Mujeres de la Costa de Oaxaca (AMCO A.C.),cuenta con m\u00e1s de 20 a\u00f1os en la lucha de la defensa de los derechos de los pueblos afromexicanos y de las mujeres, particularmente.<\/p>\n\n\n\n<p>Durante el proceso 2021 fue la \u00fanica mujer ind\u00edgena afromexicana registrada como aspirante a una candidatura por una diputaci\u00f3n local, pero le fue negada por el partido Morena.<\/p>\n\n\n\n<p>Su trayectoria cuenta con m\u00faltiples representaciones de los pueblos afromexicanos en diversos organismos nacionales e internacionales, entre estos sobresale su participaci\u00f3n como integrante del comit\u00e9 de Seguimiento para la Declaraci\u00f3n de Principios para la Diversidad Cultural y Ling\u00fc\u00edstica en Medios de Comunicaci\u00f3n, con el acompa\u00f1amiento de la Organizaci\u00f3n de las Naciones Unidas para la Educaci\u00f3n, la Ciencia y la Cultura (Unesco).<\/p>\n\n\n\n<p>As\u00ed como en 2018 se present\u00f3 en la Comisi\u00f3n Interamericana de Derechos Humanos en Denver, Colorado, en Estados Unidos, para denunciar al Estado mexicano por negar el reconocimiento constitucional de los pueblos afromexicanos.<\/p>\n\n\n\n<p>Otras de sus labores como activista las ha realizado como coordinadora de mujeres afroamericanas del colectivo 50+1 Cap\u00edtulo, Oaxaca, integrante de la Alianza de Mujeres Ind\u00edgenas y Afrodescendientes, colaboradora de \u201cM\u00e9xico Negro A.C.\u201d; fundadora y coordinadora desde 2012 del Foro de Mujeres Lideresas Ind\u00edgenas, Afromexicanas, Mestizas, Pescadoras, Rurales en Bah\u00edas de Huatulco y colaborado en la realizaci\u00f3n de diversos encuentros de mujeres afromexicanas.<\/p>\n","protected":false},"excerpt":{"rendered":"<p>Yuridiana Sosa\/Zona Roja. Oaxaca de Ju\u00e1rez, Oax., 21 de diciembre de 2022.- La oaxaque\u00f1a defensora&hellip;<\/p>\n","protected":false},"author":2,"featured_media":25880,"comment_status":"closed","ping_status":"open","sticky":false,"template":"","format":"standard","meta":{"_lmt_disableupdate":"","_lmt_disable":"","_jetpack_memberships_contains_paid_content":false,"footnotes":""},"categories":[109,46],"tags":[2600],"class_list":["post-49535","post","type-post","status-publish","format-standard","has-post-thumbnail","hentry","category-minuto-a-minuto","category-zona-blanca","tag-rosa-maria-castro-salinas"],"jetpack_featured_media_url":"https:\/\/zonaroja.com.mx\/wp-content\/uploads\/2021\/04\/Rosy-Castro-Salinas.jpg","jetpack_sharing_enabled":true,"_links":{"self":[{"href":"https:\/\/zonaroja.com.mx\/index.php?rest_route=\/wp\/v2\/posts\/49535","targetHints":{"allow":["GET"]}}],"collection":[{"href":"https:\/\/zonaroja.com.mx\/index.php?rest_route=\/wp\/v2\/posts"}],"about":[{"href":"https:\/\/zonaroja.com.mx\/index.php?rest_route=\/wp\/v2\/types\/post"}],"author":[{"embeddable":true,"href":"https:\/\/zonaroja.com.mx\/index.php?rest_route=\/wp\/v2\/users\/2"}],"replies":[{"embeddable":true,"href":"https:\/\/zonaroja.com.mx\/index.php?rest_route=%2Fwp%2Fv2%2Fcomments&post=49535"}],"version-history":[{"count":1,"href":"https:\/\/zonaroja.com.mx\/index.php?rest_route=\/wp\/v2\/posts\/49535\/revisions"}],"predecessor-version":[{"id":49536,"href":"https:\/\/zonaroja.com.mx\/index.php?rest_route=\/wp\/v2\/posts\/49535\/revisions\/49536"}],"wp:featuredmedia":[{"embeddable":true,"href":"https:\/\/zonaroja.com.mx\/index.php?rest_route=\/wp\/v2\/media\/25880"}],"wp:attachment":[{"href":"https:\/\/zonaroja.com.mx\/index.php?rest_route=%2Fwp%2Fv2%2Fmedia&parent=49535"}],"wp:term":[{"taxonomy":"category","embeddable":true,"href":"https:\/\/zonaroja.com.mx\/index.php?rest_route=%2Fwp%2Fv2%2Fcategories&post=49535"},{"taxonomy":"post_tag","embeddable":true,"href":"https:\/\/zonaroja.com.mx\/index.php?rest_route=%2Fwp%2Fv2%2Ftags&post=49535"}],"curies":[{"name":"wp","href":"https:\/\/api.w.org\/{rel}","templated":true}]}}