{"id":49540,"date":"2022-12-21T08:46:26","date_gmt":"2022-12-21T14:46:26","guid":{"rendered":"http:\/\/www.zonaroja.com.mx\/?p=49540"},"modified":"2022-12-21T08:46:29","modified_gmt":"2022-12-21T14:46:29","slug":"sin-atencion-afectados-por-fuga-de-amoniaco-piden-a-amlo-decretar-zona-de-desastre","status":"publish","type":"post","link":"https:\/\/zonaroja.com.mx\/?p=49540","title":{"rendered":"Sin atenci\u00f3n, afectados por fuga de amoniaco; piden a AMLO decretar zona de desastre"},"content":{"rendered":"\n<p>Ismael Garc\u00eda M.\/Zona Roja.<\/p>\n\n\n\n<p>Oaxaca de Ju\u00e1rez, Oax., a 21 de diciembre de 2022.- A casi dos semanas de la fuga de amoniaco en comunidades de la zona norte del Istmo de Tehuantepec, pobladores y autoridades auxiliares denunciaron nulo apoyo de Petr\u00f3leos Mexicanos y del gobierno de Oaxaca.<\/p>\n\n\n\n<p>Por ello, a trav\u00e9s de videos difundidos en redes sociales, demandaron la intervenci\u00f3n urgente del Presidente Andr\u00e9s Manuel L\u00f3pez Obrador, que declare zona de desastre, a fin de que fluyan los apoyos federales, para resarcir da\u00f1os como para atender a damnificados, que siguen en albergues de Palomares y de Mat\u00edas Romero.<\/p>\n\n\n\n<p>Rafael Castillejos Fuentes, agente municipal de Donaj\u00ed, ley\u00f3 un desplegado en que pidi\u00f3 la ayuda del mandatario mexicano.<\/p>\n\n\n\n<p>\u201cDesde el 9 de diciembre del presente a\u00f1o se suscit\u00f3 una fuga de amoniaco que ha venido afectando a las comunidades aleda\u00f1as, Tolosita, Ejido Juno, Jos\u00e9 Mar\u00eda Morelos y Pav\u00f3n, Ejido 6 de Enero, y Pemex irresponsablemente no atendi\u00f3 dicha fuga.<\/p>\n\n\n\n<p>\u201cPor lo que se tuvo que evacuar a la poblaci\u00f3n que hasta hoy est\u00e1n en los albergues de Palomares y en diferentes comunidades y ranchos particulares, y quienes desde ese d\u00eda han inhalado dicho gas, aunado al Covid.<\/p>\n\n\n\n<p>\u201cHoy la mayor\u00eda ha aumentado sus malestares respiratorios y hasta el momento no tenemos el apoyo del gobierno federal ni del Gobierno del Estado\u201d.<\/p>\n\n\n\n<p>Por lo cual pidi\u00f3 al Presidente L\u00f3pez Obrador tome en cuenta las peticiones como declarar la zona como \u00e1rea de desastre, aplicar el Plan DN-III, evaluaci\u00f3n m\u00e9dica de los intoxicados, indemnizaci\u00f3n y que instancias federales hagan el peritaje de los da\u00f1os, as\u00ed como cambio de tuber\u00edas da\u00f1adas que no tienen mantenimiento desde hace 70 a\u00f1os.<\/p>\n\n\n\n<p>Por lo cual amagaron con cerrar de nuevo la subestaci\u00f3n de rebombeo de Dojan\u00ed donde est\u00e1n las v\u00e1lvulas de los ductos que conducen diversos hidrocarburos a Veracruz.<\/p>\n\n\n\n<p>De forma similar se pronunci\u00f3 la comunidad de Tolosita, en que dio un plazo de 72 horas para que se env\u00ede a personal calificado a que acuda a la zona afectada y se entable di\u00e1logo con la poblaci\u00f3n, a fin de resolver en forma definitiva la problem\u00e1tica.<\/p>\n","protected":false},"excerpt":{"rendered":"<p>Ismael Garc\u00eda M.\/Zona Roja. Oaxaca de Ju\u00e1rez, Oax., a 21 de diciembre de 2022.- A&hellip;<\/p>\n","protected":false},"author":2,"featured_media":49225,"comment_status":"closed","ping_status":"open","sticky":false,"template":"","format":"standard","meta":{"_lmt_disableupdate":"","_lmt_disable":"","_jetpack_memberships_contains_paid_content":false,"footnotes":""},"categories":[109,47],"tags":[228],"class_list":["post-49540","post","type-post","status-publish","format-standard","has-post-thumbnail","hentry","category-minuto-a-minuto","category-zona-gris","tag-matias-romero-avendano"],"jetpack_featured_media_url":"https:\/\/zonaroja.com.mx\/wp-content\/uploads\/2022\/12\/Damnificados-amoniaco-Matias-Romero.jpeg","jetpack_sharing_enabled":true,"_links":{"self":[{"href":"https:\/\/zonaroja.com.mx\/index.php?rest_route=\/wp\/v2\/posts\/49540","targetHints":{"allow":["GET"]}}],"collection":[{"href":"https:\/\/zonaroja.com.mx\/index.php?rest_route=\/wp\/v2\/posts"}],"about":[{"href":"https:\/\/zonaroja.com.mx\/index.php?rest_route=\/wp\/v2\/types\/post"}],"author":[{"embeddable":true,"href":"https:\/\/zonaroja.com.mx\/index.php?rest_route=\/wp\/v2\/users\/2"}],"replies":[{"embeddable":true,"href":"https:\/\/zonaroja.com.mx\/index.php?rest_route=%2Fwp%2Fv2%2Fcomments&post=49540"}],"version-history":[{"count":1,"href":"https:\/\/zonaroja.com.mx\/index.php?rest_route=\/wp\/v2\/posts\/49540\/revisions"}],"predecessor-version":[{"id":49541,"href":"https:\/\/zonaroja.com.mx\/index.php?rest_route=\/wp\/v2\/posts\/49540\/revisions\/49541"}],"wp:featuredmedia":[{"embeddable":true,"href":"https:\/\/zonaroja.com.mx\/index.php?rest_route=\/wp\/v2\/media\/49225"}],"wp:attachment":[{"href":"https:\/\/zonaroja.com.mx\/index.php?rest_route=%2Fwp%2Fv2%2Fmedia&parent=49540"}],"wp:term":[{"taxonomy":"category","embeddable":true,"href":"https:\/\/zonaroja.com.mx\/index.php?rest_route=%2Fwp%2Fv2%2Fcategories&post=49540"},{"taxonomy":"post_tag","embeddable":true,"href":"https:\/\/zonaroja.com.mx\/index.php?rest_route=%2Fwp%2Fv2%2Ftags&post=49540"}],"curies":[{"name":"wp","href":"https:\/\/api.w.org\/{rel}","templated":true}]}}