{"id":49547,"date":"2022-12-21T16:05:26","date_gmt":"2022-12-21T22:05:26","guid":{"rendered":"http:\/\/www.zonaroja.com.mx\/?p=49547"},"modified":"2022-12-21T16:05:28","modified_gmt":"2022-12-21T22:05:28","slug":"logra-fiscalia-sentencia-de-83-anos-de-prision-contra-feminicida","status":"publish","type":"post","link":"https:\/\/zonaroja.com.mx\/?p=49547","title":{"rendered":"Logra Fiscal\u00eda sentencia de 83 a\u00f1os de prisi\u00f3n contra feminicida"},"content":{"rendered":"\n<p>Redacci\u00f3n\/Zona Roja.&nbsp;<\/p>\n\n\n\n<p>Oaxaca de Ju\u00e1rez, Oax., 21 de diciembre de 2022.- Por el delito de feminicidio agravado en agravio de quien en vida respondi\u00f3 al nombre de K. G. R., la Fiscal\u00eda General del Estado de Oaxaca (FGEO) obtuvo sentencia condenatoria de 83 a\u00f1os y cuatro meses de prisi\u00f3n contra el masculino B. H. M., cometido en septiembre de 2014, en la ciudad de Oaxaca de Ju\u00e1rez, en la regi\u00f3n de Valles Centrales.<\/p>\n\n\n\n<p>De acuerdo con el expediente penal 45\/2019, el 13 de septiembre de 2014, el feminicida agredi\u00f3 con un arma de fuego a la v\u00edctima, provoc\u00e1ndole la muerte cuando se encontraba en inmediaciones de las riberas del R\u00edo Atoyac, en la capital oaxaque\u00f1a.<\/p>\n\n\n\n<p>Ante este hecho, la Vicefiscal\u00eda de Control Regional intervino e inici\u00f3 las investigaciones correspondientes, logrando aprehender al&nbsp; responsable y presentarlo ante el Juez de Control, quien determin\u00f3 vincular a proceso.<\/p>\n\n\n\n<p>En audiencia, el Juez de la causa dict\u00f3 sentencia condenatoria contra B. H. M., imponiendo la pena de 83 a\u00f1os y cuatro meses de prisi\u00f3n e impuso el pago de m\u00e1s de 230 mil pesos por concepto de multa y reparaci\u00f3n del da\u00f1o.<\/p>\n","protected":false},"excerpt":{"rendered":"<p>Redacci\u00f3n\/Zona Roja.&nbsp; Oaxaca de Ju\u00e1rez, Oax., 21 de diciembre de 2022.- Por el delito de&hellip;<\/p>\n","protected":false},"author":2,"featured_media":44101,"comment_status":"closed","ping_status":"open","sticky":false,"template":"","format":"standard","meta":{"_lmt_disableupdate":"","_lmt_disable":"","_jetpack_memberships_contains_paid_content":false,"footnotes":""},"categories":[109,46],"tags":[494],"class_list":["post-49547","post","type-post","status-publish","format-standard","has-post-thumbnail","hentry","category-minuto-a-minuto","category-zona-blanca","tag-fiscalia-general-del-estado-de-oaxaca"],"jetpack_featured_media_url":"https:\/\/zonaroja.com.mx\/wp-content\/uploads\/2022\/07\/Mijeres-asesinadas-en-Oaxaca-feminicidios-asesinato-femeninas.jpg","jetpack_sharing_enabled":true,"_links":{"self":[{"href":"https:\/\/zonaroja.com.mx\/index.php?rest_route=\/wp\/v2\/posts\/49547","targetHints":{"allow":["GET"]}}],"collection":[{"href":"https:\/\/zonaroja.com.mx\/index.php?rest_route=\/wp\/v2\/posts"}],"about":[{"href":"https:\/\/zonaroja.com.mx\/index.php?rest_route=\/wp\/v2\/types\/post"}],"author":[{"embeddable":true,"href":"https:\/\/zonaroja.com.mx\/index.php?rest_route=\/wp\/v2\/users\/2"}],"replies":[{"embeddable":true,"href":"https:\/\/zonaroja.com.mx\/index.php?rest_route=%2Fwp%2Fv2%2Fcomments&post=49547"}],"version-history":[{"count":1,"href":"https:\/\/zonaroja.com.mx\/index.php?rest_route=\/wp\/v2\/posts\/49547\/revisions"}],"predecessor-version":[{"id":49548,"href":"https:\/\/zonaroja.com.mx\/index.php?rest_route=\/wp\/v2\/posts\/49547\/revisions\/49548"}],"wp:featuredmedia":[{"embeddable":true,"href":"https:\/\/zonaroja.com.mx\/index.php?rest_route=\/wp\/v2\/media\/44101"}],"wp:attachment":[{"href":"https:\/\/zonaroja.com.mx\/index.php?rest_route=%2Fwp%2Fv2%2Fmedia&parent=49547"}],"wp:term":[{"taxonomy":"category","embeddable":true,"href":"https:\/\/zonaroja.com.mx\/index.php?rest_route=%2Fwp%2Fv2%2Fcategories&post=49547"},{"taxonomy":"post_tag","embeddable":true,"href":"https:\/\/zonaroja.com.mx\/index.php?rest_route=%2Fwp%2Fv2%2Ftags&post=49547"}],"curies":[{"name":"wp","href":"https:\/\/api.w.org\/{rel}","templated":true}]}}