{"id":49553,"date":"2022-12-21T20:39:35","date_gmt":"2022-12-22T02:39:35","guid":{"rendered":"http:\/\/www.zonaroja.com.mx\/?p=49553"},"modified":"2022-12-21T20:39:37","modified_gmt":"2022-12-22T02:39:37","slug":"gobierno-se-burla-de-comerciantes-incapaz-de-resolver-conflicto-con-triquis","status":"publish","type":"post","link":"https:\/\/zonaroja.com.mx\/?p=49553","title":{"rendered":"Gobierno se burla de comerciantes; incapaz de resolver conflicto con triquis"},"content":{"rendered":"\n<p>Yuridiana Sosa\/Zona Roja.<\/p>\n\n\n\n<p>Oaxaca de Ju\u00e1rez, Oax., 21 de diciembre de 2022.- Comerciantes establecidos del Centro Hist\u00f3rico de Oaxaca fueron burlados por la Secretar\u00eda de Gobierno de Oaxaca, que tras citarlos para atender su demanda sobre la instalaci\u00f3n de vendedores en v\u00eda p\u00fablica, recul\u00f3 y canaliz\u00f3 problema al ayuntamiento de Oaxaca de Ju\u00e1rez.<\/p>\n\n\n\n<p>El comercio formal de la capital se manifest\u00f3 desde la noche del martes contra la instalaci\u00f3n de puestos por ind\u00edgenas triquis en la calle de Valdivieso -detr\u00e1s de la Catedral Metropolitana, en continuidad del andador Macedonio Alcal\u00e1- mismos que fueron autorizados por la Secretar\u00eda de Gobierno como aliciente por el desalojo de sus estructuras debajo de palacio de gobierno.<\/p>\n\n\n\n<p>Para abordar la problem\u00e1tica, la dependencia cit\u00f3 al comercio establecido a las 11:00 horas de este mi\u00e9rcoles en Palacio de Gobierno, donde les negaron la mesa de di\u00e1logo y canalizaron la reuni\u00f3n al gobierno municipal para las 12:30 horas, eso a pesar que el presidente de Oaxaca de Ju\u00e1rez, Francisco Mart\u00ednez Neri se encuentra de vacaciones.<\/p>\n\n\n\n<p>El sector comercial fue atendido en la banqueta de la calle de Bustamante, en el acceso lateral del Palacio de Gobierno, por el subsecretario de Gobierno, Diego Mois\u00e9s P\u00e9rez de la Cruz, desde donde la cita para las 11:00 horas, adem\u00e1s de ser un problema del \u00e1mbito municipal.<\/p>\n\n\n\n<p>Los inconformes se\u00f1alaron que se trataba de una burla del gobierno entrante, quien adem\u00e1s era el responsable de la problem\u00e1tica de los desplazados triquis, a quienes primero desalojaron del corredor del Palacio de Gobierno y despu\u00e9s vuelven a otorgar espacios en la v\u00eda p\u00fablica afectando a la ciudadan\u00eda en general.<\/p>\n\n\n\n<figure class=\"wp-block-embed is-type-rich is-provider-twitter wp-block-embed-twitter\"><div class=\"wp-block-embed__wrapper\">\n<div class=\"twitter-tweet\"><blockquote class=\"twitter-tweet\" data-lang=\"es\"><p lang=\"es\" dir=\"ltr\"><a href=\"https:\/\/twitter.com\/hashtag\/%C3%9AltimoMinuto?src=hash&amp;ref_src=twsrc%5Etfw\">#\u00daltimoMinuto<\/a> <br>Y se mofa funcionario de la <a href=\"https:\/\/twitter.com\/SE_GobOax?ref_src=twsrc%5Etfw\">@SE_GobOax<\/a>; citaron a comerciantes establecidos a una reuni\u00f3n a las 11:00 horas; no los reciben y luego les dicen que hasta las 12:30 y que adem\u00e1s su queja es tema del ayuntamiento. <a href=\"https:\/\/t.co\/SwjvJuNlcI\">pic.twitter.com\/SwjvJuNlcI<\/a><\/p>&mdash; Zona Roja Oaxaca (@ZonaRoja_Oaxaca) <a href=\"https:\/\/twitter.com\/ZonaRoja_Oaxaca\/status\/1605641148101300224?ref_src=twsrc%5Etfw\">21 de diciembre de 2022<\/a><\/blockquote><\/div>\n<\/div><\/figure>\n\n\n\n<p>Una de las representantes del sector comercial, Esther Merino Badiola, se\u00f1al\u00f3 que lo \u00fanico que buscan es desarrollar sus actividades econ\u00f3micas en las mejores condiciones posibles, con libre tr\u00e1nsito para los oaxaque\u00f1os y visitantes, espacios limpios y en armon\u00eda.<\/p>\n\n\n\n<p>Otros se\u00f1alaron que las condiciones deben ser iguales en el pago de impuestos para que sea una competencia leal.<\/p>\n\n\n\n<p>PLANTONES<\/p>\n\n\n\n<p>Frente a Palacio de Gobierno, sobre el z\u00f3calo, tres grupos de ind\u00edgenas triquis desplazados mantienen desde hace m\u00e1s de tres d\u00edas un plant\u00f3n indefinido, tras su desalojo del corredor del complejo del gobierno.<\/p>\n\n\n\n<p>Uno de los grupos es representado por Lorena Merino, quienes recibieron la oferta de la Secretar\u00eda de Gobierno para instalarse en la calle de Valdivieso, de manera provisional, mientras encuentra soluci\u00f3n para el retorno a sus comunidades.<\/p>\n\n\n\n<p>La lideresa, quien ya hab\u00eda asistido a dicha v\u00eda colindante con el z\u00f3calo a tomar medidas para sus puestos, se\u00f1al\u00f3 este mi\u00e9rcoles que no lograron su instalaci\u00f3n porque el ayuntamiento de Oaxaca de Ju\u00e1rez no ha devuelto su mercanc\u00eda asegurada en el desalojo y para evitar confrontaci\u00f3n con los comerciantes establecidos.<\/p>\n\n\n\n<p>Apunt\u00f3 que los ind\u00edgenas triquis no son vendedores ambulantes, pues su estancia es temporal y depender\u00e1 del gobierno del estado, quien debe garantizar el regreso a su comunidad de origen.<\/p>\n\n\n\n<p>En tanto, en el z\u00f3calo los puestos para los expositores y artesanos que asisten a la celebraci\u00f3n de la Noche de R\u00e1banos ,de este 23 de diciembre, se encuentran pr\u00e1cticamente listos para la fiesta centenaria.&nbsp;<\/p>\n","protected":false},"excerpt":{"rendered":"<p>Yuridiana Sosa\/Zona Roja. Oaxaca de Ju\u00e1rez, Oax., 21 de diciembre de 2022.- Comerciantes establecidos del&hellip;<\/p>\n","protected":false},"author":2,"featured_media":49554,"comment_status":"closed","ping_status":"open","sticky":false,"template":"","format":"standard","meta":{"_lmt_disableupdate":"","_lmt_disable":"","_jetpack_memberships_contains_paid_content":false,"footnotes":""},"categories":[109,47],"tags":[2037],"class_list":["post-49553","post","type-post","status-publish","format-standard","has-post-thumbnail","hentry","category-minuto-a-minuto","category-zona-gris","tag-indigenas-triquis-copala"],"jetpack_featured_media_url":"https:\/\/zonaroja.com.mx\/wp-content\/uploads\/2022\/12\/Protesta-comerciantes-formales-Palacio-de-Gobierno.jpg","jetpack_sharing_enabled":true,"_links":{"self":[{"href":"https:\/\/zonaroja.com.mx\/index.php?rest_route=\/wp\/v2\/posts\/49553","targetHints":{"allow":["GET"]}}],"collection":[{"href":"https:\/\/zonaroja.com.mx\/index.php?rest_route=\/wp\/v2\/posts"}],"about":[{"href":"https:\/\/zonaroja.com.mx\/index.php?rest_route=\/wp\/v2\/types\/post"}],"author":[{"embeddable":true,"href":"https:\/\/zonaroja.com.mx\/index.php?rest_route=\/wp\/v2\/users\/2"}],"replies":[{"embeddable":true,"href":"https:\/\/zonaroja.com.mx\/index.php?rest_route=%2Fwp%2Fv2%2Fcomments&post=49553"}],"version-history":[{"count":1,"href":"https:\/\/zonaroja.com.mx\/index.php?rest_route=\/wp\/v2\/posts\/49553\/revisions"}],"predecessor-version":[{"id":49555,"href":"https:\/\/zonaroja.com.mx\/index.php?rest_route=\/wp\/v2\/posts\/49553\/revisions\/49555"}],"wp:featuredmedia":[{"embeddable":true,"href":"https:\/\/zonaroja.com.mx\/index.php?rest_route=\/wp\/v2\/media\/49554"}],"wp:attachment":[{"href":"https:\/\/zonaroja.com.mx\/index.php?rest_route=%2Fwp%2Fv2%2Fmedia&parent=49553"}],"wp:term":[{"taxonomy":"category","embeddable":true,"href":"https:\/\/zonaroja.com.mx\/index.php?rest_route=%2Fwp%2Fv2%2Fcategories&post=49553"},{"taxonomy":"post_tag","embeddable":true,"href":"https:\/\/zonaroja.com.mx\/index.php?rest_route=%2Fwp%2Fv2%2Ftags&post=49553"}],"curies":[{"name":"wp","href":"https:\/\/api.w.org\/{rel}","templated":true}]}}