{"id":4956,"date":"2019-10-19T08:23:09","date_gmt":"2019-10-19T13:23:09","guid":{"rendered":"http:\/\/www.zonaroja.com.mx\/?p=4956"},"modified":"2019-10-19T08:23:12","modified_gmt":"2019-10-19T13:23:12","slug":"sicarios-y-empleados-del-gobierno-limpiaron-las-huellas-de-la-violencia","status":"publish","type":"post","link":"https:\/\/zonaroja.com.mx\/?p=4956","title":{"rendered":"Sicarios y empleados del gobierno limpiaron las huellas de la violencia"},"content":{"rendered":"\n<p>Redacci\u00f3n\/Zona Roja Cdmx.<\/p>\n\n\n\n<p>Ciudad de M\u00e9xico, 19 de octubre de\n2019.- La madrugada del viernes grupos de civiles armados recorrieron las\ncalles de Culiac\u00e1n para limpiar parte del desastre que qued\u00f3 como resultado de\nbalaceras y bloqueos en varios puntos de la ciudad realizados la tarde del\njueves luego de que un grupo de militares y de la Guardia Nacional intent\u00f3\ndetener a Ovidio Guzm\u00e1n L\u00f3pez, hijo de Joaqu\u00edn El Chapo Guzm\u00e1n.<\/p>\n\n\n\n<p>M\u00e1s tarde, empleados estatales y\nmunicipales terminaron de retirar los restos de veh\u00edculos quemados y al menos\ncuatro cad\u00e1veres, que fueron trasladados al Servicio M\u00e9dico Forense, inform\u00f3 el\ndiario \u201cLa Jornada\u201d.<\/p>\n\n\n\n<p>Durante las acciones de limpieza de la\nciudad y de recolecci\u00f3n de pruebas periciales fue evidente la ausencia de las\nfuerzas federales.<\/p>\n\n\n\n<p>Algunas calles de Culiac\u00e1n, una ciudad\nde unos 800 mil habitantes, permanec\u00edan bloqueadas con restos de autos\nquemados. Las escuelas estaban cerradas y algunas oficinas p\u00fablicas pidieron a\nsus empleados quedarse en sus casas. Se ve\u00edan pocos autobuses de transporte\np\u00fablico.<\/p>\n\n\n\n<p>Los veh\u00edculos, entre ellos\ntractocamiones, un carguero de cemento, una patrulla militar, otra municipal y\ndiferentes autom\u00f3viles incendiados, fueron trasladados a la pensi\u00f3n federal. Ni\nsiquiera hay partes oficiales: la orden fue trasladar los veh\u00edculos quemados, y\ndonde hab\u00eda muertos, que los peritos levantaran evidencias, narr\u00f3 un agente\npoliciaco protegido por el anonimato mientras resguardaba una zona que fue\nescenario de actos violentos.<\/p>\n\n\n\n<p>Muchos negocios de la capital\nsinaloense continuaron cerrados, sobre todo en el centro y la zona de Tres\nR\u00edos, donde ocurri\u00f3 la mayor parte de los enfrentamientos.<\/p>\n\n\n\n<p>El gabinete de seguridad del gobierno\nfederal report\u00f3 que las fuerzas castrenses retomaron el control horas despu\u00e9s\ndel primer encontronazo armado en el bulevar Enrique S\u00e1nchez Alonso.<\/p>\n\n\n\n<p>Durante los hechos de ayer, los\nciudadanos de Culiac\u00e1n se replegaron en sus viviendas, trabajos y centros\ncomerciales, cualquier resquicio a la mano.<\/p>\n\n\n\n<p>Poco a poco, y con total precauci\u00f3n,\nalrededor de las 7 de la tarde fueron regresando a sus hogares, sobre todo los\nhabitantes de zonas donde no hubo violencia y quienes pod\u00edan irse en sus\npropios autom\u00f3viles o de avent\u00f3n, ya que el servicio de transporte p\u00fablico fue\nsuspendido ante el temor de que sus unidades fueran incendiadas.<\/p>\n\n\n\n<p>En medio del caos, reos de la prisi\u00f3n\nestatal de Aguaruto, ubicado al poniente de la ciudad, se apoderaron de las\narmas de los guardias, a quienes tomaron como rehenes, aunque m\u00e1s tarde los\nliberaron y huyeron. De 56 presos evadidos, 49 segu\u00edan libres el viernes, 39\ndel fuero federal y el resto del fuero com\u00fan, seg\u00fan el secretario de Seguridad\nP\u00fablica de Sinaloa, Crist\u00f3bal Casta\u00f1eda.<\/p>\n\n\n\n<p>AYUDA CRIMEN<\/p>\n\n\n\n<p>Por la noche, las fuerzas de seguridad\nse replegaron y miembros del grupo que \u2013se presume\u2013 es comandado por los hijos\nde Joaqu\u00edn Guzm\u00e1n Loera salieron de nuevo a las calles para recoger los\ncad\u00e1veres de sus compa\u00f1eros. <\/p>\n\n\n\n<p>Ellos mismos retiraron del puente\nJu\u00e1rez \u2013uno de los que atraviesa el r\u00edo Culiac\u00e1n\u2013 cinco veh\u00edculos que fueron\nquemados para bloquear el paso de los uniformados.<\/p>\n\n\n\n<p>Desde muy temprano, personal militar\nresguard\u00f3 las inmediaciones del palacio de gobierno en Culiac\u00e1n, donde se\nefectu\u00f3 una reuni\u00f3n del gabinete de seguridad nacional con autoridades\nestatales y municipales, al final de la cual ofrecieron una rueda de prensa.<\/p>\n\n\n\n<p>En un recorrido realizado por \u201cLa\nJornada\u201d se pudo constatar que el Servicio M\u00e9dico Forense recogi\u00f3 al menos\ncuatro cuerpos a las 11 horas del viernes.<\/p>\n\n\n\n<p>Tras la reuni\u00f3n del gabinete se inform\u00f3\nque en el momento m\u00e1s cr\u00edtico hubo un total de 19 vialidades bloqueadas, y para\nla ma\u00f1ana de ayer la mayor\u00eda ya hab\u00eda sido liberada.<\/p>\n\n\n\n<p>El tr\u00e1fico en la ciudad fue at\u00edpico,\npero m\u00e1s personas fueron saliendo conforme avanz\u00f3 la ma\u00f1ana. Algunos\nautomovilistas se encontraron con vialidades del sector Tres R\u00edos obstruidas\npor veh\u00edculos que continuaban humeantes.<\/p>\n\n\n\n<p>En el recorrido se pudo observar que\npolic\u00edas estatales y de tr\u00e1nsito municipal resguardaban las zonas con evidencia\nde la refriega. Las fuerzas federales destacaron por su ausencia.<\/p>\n\n\n\n<p>Cuando apenas empezaba a restablecerse\nel sistema de transporte, algunos transe\u00fantes se topaban con casquillos\npercutidos o manchas de sangre, entre otros restos de la jornada violenta.<\/p>\n\n\n\n<p>Las gasolineras comenzaron a dar\nservicio conforme avanzaba el d\u00eda y tarde, porque muchos empleados no acudieron\na laborar, pocos restaurantes abrieron, sobre todo a las orillas de la ciudad,\npero tampoco se ve\u00edan muy concurridos.<\/p>\n\n\n\n<p>Las autoridades de educaci\u00f3n\nsuspendieron las clases en todos los niveles y algunas instituciones\ngubernamentales y bancarias se regodearon en el asueto.<\/p>\n\n\n\n<p>El centro de la ciudad se mantuvo\ndesolado, los negocios cerrados y hubo poco tr\u00e1fico ante el temor de los\nciudadanos de que se reinicien las hostilidades.<\/p>\n\n\n\n<p>Teresa Mercado, quien el jueves volvi\u00f3\na su natal Culiac\u00e1n, no lo pod\u00eda creer: Esto es peor que lo que hab\u00eda vivido en\na\u00f1os pasados, se\u00f1al\u00f3 a la agencia Ap.<\/p>\n","protected":false},"excerpt":{"rendered":"<p>Redacci\u00f3n\/Zona Roja Cdmx. Ciudad de M\u00e9xico, 19 de octubre de 2019.- La madrugada del viernes&hellip;<\/p>\n","protected":false},"author":2,"featured_media":4957,"comment_status":"closed","ping_status":"open","sticky":false,"template":"","format":"standard","meta":{"_lmt_disableupdate":"","_lmt_disable":"","_jetpack_memberships_contains_paid_content":false,"footnotes":""},"categories":[109,51],"tags":[887,136],"class_list":["post-4956","post","type-post","status-publish","format-standard","has-post-thumbnail","hentry","category-minuto-a-minuto","category-zona-roja","tag-ovidio-guzman-lopez","tag-sinaloa"],"jetpack_featured_media_url":"https:\/\/zonaroja.com.mx\/wp-content\/uploads\/2019\/10\/002n1pol-1.jpg","jetpack_sharing_enabled":true,"_links":{"self":[{"href":"https:\/\/zonaroja.com.mx\/index.php?rest_route=\/wp\/v2\/posts\/4956","targetHints":{"allow":["GET"]}}],"collection":[{"href":"https:\/\/zonaroja.com.mx\/index.php?rest_route=\/wp\/v2\/posts"}],"about":[{"href":"https:\/\/zonaroja.com.mx\/index.php?rest_route=\/wp\/v2\/types\/post"}],"author":[{"embeddable":true,"href":"https:\/\/zonaroja.com.mx\/index.php?rest_route=\/wp\/v2\/users\/2"}],"replies":[{"embeddable":true,"href":"https:\/\/zonaroja.com.mx\/index.php?rest_route=%2Fwp%2Fv2%2Fcomments&post=4956"}],"version-history":[{"count":1,"href":"https:\/\/zonaroja.com.mx\/index.php?rest_route=\/wp\/v2\/posts\/4956\/revisions"}],"predecessor-version":[{"id":4958,"href":"https:\/\/zonaroja.com.mx\/index.php?rest_route=\/wp\/v2\/posts\/4956\/revisions\/4958"}],"wp:featuredmedia":[{"embeddable":true,"href":"https:\/\/zonaroja.com.mx\/index.php?rest_route=\/wp\/v2\/media\/4957"}],"wp:attachment":[{"href":"https:\/\/zonaroja.com.mx\/index.php?rest_route=%2Fwp%2Fv2%2Fmedia&parent=4956"}],"wp:term":[{"taxonomy":"category","embeddable":true,"href":"https:\/\/zonaroja.com.mx\/index.php?rest_route=%2Fwp%2Fv2%2Fcategories&post=4956"},{"taxonomy":"post_tag","embeddable":true,"href":"https:\/\/zonaroja.com.mx\/index.php?rest_route=%2Fwp%2Fv2%2Ftags&post=4956"}],"curies":[{"name":"wp","href":"https:\/\/api.w.org\/{rel}","templated":true}]}}