{"id":49562,"date":"2022-12-22T08:20:00","date_gmt":"2022-12-22T14:20:00","guid":{"rendered":"http:\/\/www.zonaroja.com.mx\/?p=49562"},"modified":"2022-12-22T06:59:47","modified_gmt":"2022-12-22T12:59:47","slug":"respalda-eu-a-ucrania-y-biden-anuncia-ayuda-de-mil-850-millones-de-dolares","status":"publish","type":"post","link":"https:\/\/zonaroja.com.mx\/?p=49562","title":{"rendered":"Respalda EU a Ucrania y Biden anuncia ayuda de mil 850 millones de d\u00f3lares"},"content":{"rendered":"\n<p>Redacci\u00f3n\/Zona Roja Cdmx.<\/p>\n\n\n\n<p>Ciudad de M\u00e9xico, a 22 de diciembre de 2022.-&nbsp; El presidente de Estados Unidos, Joe Biden, prometi\u00f3 este mi\u00e9rcoles a su hom\u00f3logo de Ucrania, Volod\u00edmir Zelenski, que nunca estar\u00e1 solo y elogi\u00f3 la \u00abdeterminaci\u00f3n inquebrantable\u00bb del pueblo ucraniano para decidir su propio destino.&nbsp;<\/p>\n\n\n\n<p>\u00abNunca estar\u00e1 solo\u00bb, dijo el presidente norteamericano al mandatario Zelenski en una rueda de prensa.<\/p>\n\n\n\n<p>Los dos l\u00edderes comparecieron ante la prensa en la Casa Blanca tras mantener una reuni\u00f3n bilateral, que se engloba en el primer viaje al extranjero de Zelenski desde el comienzo de la invasi\u00f3n rusa el pasado 24 de febrero.<\/p>\n\n\n\n<p>Con motivo de esta visita, Biden orden\u00f3 el primer env\u00edo a Ucrania del sistema de defensa antia\u00e9rea Patriot, que Zelenski hab\u00eda pedido para enfrentar los bombardeos rusos y ha anunciado un paquete de ayuda militar de mil 850 millones de d\u00f3lares.<\/p>\n\n\n\n<p>El presidente de Ucrania, Volod\u00edmir Zelenski, propuso este mi\u00e9rcoles a su hom\u00f3logo de Estados Unidos, Joe Biden, \u00abpasos concretos\u00bb para lograr la paz en la guerra con Rusia sin poner en cuesti\u00f3n la soberan\u00eda del territorio ucraniano. \u00abComo presidente, la paz no implica comprometer la soberan\u00eda, la libertad ni la integridad territorial de mi pa\u00eds\u00bb, dijo Zelenski en una rueda de prensa conjunta con Biden.<\/p>\n\n\n\n<p>Los dos l\u00edderes comparecieron ante la prensa en la Casa Blanca tras mantener una reuni\u00f3n bilateral, que se engloba en el primer viaje al extranjero de Zelenski desde el comienzo de la invasi\u00f3n rusa el pasado 24 de febrero.<\/p>\n\n\n\n<p>(Informaci\u00f3n de \u201cEl Confidencial\u201d)<\/p>\n","protected":false},"excerpt":{"rendered":"<p>Redacci\u00f3n\/Zona Roja Cdmx. Ciudad de M\u00e9xico, a 22 de diciembre de 2022.-&nbsp; El presidente de&hellip;<\/p>\n","protected":false},"author":2,"featured_media":49557,"comment_status":"closed","ping_status":"open","sticky":false,"template":"","format":"standard","meta":{"_lmt_disableupdate":"","_lmt_disable":"","_jetpack_memberships_contains_paid_content":false,"footnotes":""},"categories":[109,47],"tags":[3040],"class_list":["post-49562","post","type-post","status-publish","format-standard","has-post-thumbnail","hentry","category-minuto-a-minuto","category-zona-gris","tag-conflicto-ucrania-rusia-2"],"jetpack_featured_media_url":"https:\/\/zonaroja.com.mx\/wp-content\/uploads\/2022\/12\/Biden-y-Selenzki.webp","jetpack_sharing_enabled":true,"_links":{"self":[{"href":"https:\/\/zonaroja.com.mx\/index.php?rest_route=\/wp\/v2\/posts\/49562","targetHints":{"allow":["GET"]}}],"collection":[{"href":"https:\/\/zonaroja.com.mx\/index.php?rest_route=\/wp\/v2\/posts"}],"about":[{"href":"https:\/\/zonaroja.com.mx\/index.php?rest_route=\/wp\/v2\/types\/post"}],"author":[{"embeddable":true,"href":"https:\/\/zonaroja.com.mx\/index.php?rest_route=\/wp\/v2\/users\/2"}],"replies":[{"embeddable":true,"href":"https:\/\/zonaroja.com.mx\/index.php?rest_route=%2Fwp%2Fv2%2Fcomments&post=49562"}],"version-history":[{"count":1,"href":"https:\/\/zonaroja.com.mx\/index.php?rest_route=\/wp\/v2\/posts\/49562\/revisions"}],"predecessor-version":[{"id":49563,"href":"https:\/\/zonaroja.com.mx\/index.php?rest_route=\/wp\/v2\/posts\/49562\/revisions\/49563"}],"wp:featuredmedia":[{"embeddable":true,"href":"https:\/\/zonaroja.com.mx\/index.php?rest_route=\/wp\/v2\/media\/49557"}],"wp:attachment":[{"href":"https:\/\/zonaroja.com.mx\/index.php?rest_route=%2Fwp%2Fv2%2Fmedia&parent=49562"}],"wp:term":[{"taxonomy":"category","embeddable":true,"href":"https:\/\/zonaroja.com.mx\/index.php?rest_route=%2Fwp%2Fv2%2Fcategories&post=49562"},{"taxonomy":"post_tag","embeddable":true,"href":"https:\/\/zonaroja.com.mx\/index.php?rest_route=%2Fwp%2Fv2%2Ftags&post=49562"}],"curies":[{"name":"wp","href":"https:\/\/api.w.org\/{rel}","templated":true}]}}