{"id":49570,"date":"2022-12-22T10:37:00","date_gmt":"2022-12-22T16:37:00","guid":{"rendered":"http:\/\/www.zonaroja.com.mx\/?p=49570"},"modified":"2022-12-22T07:39:51","modified_gmt":"2022-12-22T13:39:51","slug":"califica-el-ieepco-elecciones-en-32-municipios-por-normas-indigenas","status":"publish","type":"post","link":"https:\/\/zonaroja.com.mx\/?p=49570","title":{"rendered":"Califica el IEEPCO elecciones en 32 municipios por normas ind\u00edgenas"},"content":{"rendered":"\n<p>Redacci\u00f3n\/Zona Roja.<\/p>\n\n\n\n<p>Oaxaca de Ju\u00e1rez, Oax., a 22 de diciembre de 2022.- El Consejo General del Instituto Estatal Electoral y de Participaci\u00f3n Ciudadana de Oaxaca (IEEPCO), calific\u00f3 diversos acuerdos respecto de las elecciones ordinarias y extraordinarias de concejal\u00edas a Ayuntamientos celebradas en municipios que se rigen por Sistemas Normativos Ind\u00edgenas.<\/p>\n\n\n\n<p>La sesi\u00f3n extraordinaria urgente estuvo encabezada por la consejera presidenta, Elizabeth S\u00e1nchez Gonz\u00e1lez; las consejeras electorales Carmelita Sibaja Ochoa, Jessica Jazibe Hern\u00e1ndez Garc\u00eda, Nayma Enr\u00edquez Estrada y Zaira Alhel\u00ed Hip\u00f3lito L\u00f3pez; as\u00ed como los consejeros electorales Alejandro Carrasco Sampedro y Wilfrido Lulio Almaraz Santib\u00e1\u00f1ez; adem\u00e1s de las representaciones de los partidos pol\u00edticos.<\/p>\n\n\n\n<p>Ah\u00ed, el Consejo General calific\u00f3 como v\u00e1lidas -por unanimidad de votos- las elecciones ordinarias de concejal\u00edas a los ayuntamientos de San Batolom\u00e9 Loxicha, San Jer\u00f3nimo Taviche, San Juan Achiutla, San Juan Lachigalla, San Juan Yae\u00e9, San Sebasti\u00e1n R\u00edo Hondo, Santa Cruz Tayata, Santa Mar\u00eda Colotepec, Santa Mar\u00eda Nduayaco, Santiago Ap\u00f3stol, Santiago Textitl\u00e1n, Santo Domingo Ozolotepec, Santo Domingo Tonaltepec, Monjas, San Miguel Huautla<\/p>\n\n\n\n<p>Mientras que -por mayor\u00eda de votos- calific\u00f3 como v\u00e1lidas las elecciones ordinarias de concejal\u00edas a los ayuntamientos San Miguel Ejutla, San Pedro Taviche y San Pedro Teutila.<\/p>\n\n\n\n<p>Por su parte, los acuerdos de San Andr\u00e9s Paxtl\u00e1n y San Pablo Etla, en el sentido de validar la elecci\u00f3n ordinaria, no fueron aprobados por mayor\u00eda de votos.<\/p>\n\n\n\n<p>Durante la sesi\u00f3n, las consejeras y consejeros electorales calificaron como no v\u00e1lidas -por unanimidad de votos las elecciones ordinarias de concejal\u00edas a los ayuntamientos, San Juan Mixtepec, San Miguel Quetzaltepec, San Pedro Ocotepec, Santa Ana Ateixtlahuaca, Santa Cruz Mixtepec y Santo Domingo Jocotepec.<\/p>\n\n\n\n<p>Mientras que -por mayor\u00eda de votos- calific\u00f3 como no v\u00e1lidas las elecciones ordinarias de concejal\u00edas a los ayuntamientos San Jer\u00f3nimo Coatl\u00e1n, San Miguel Tilqui\u00e1pam, La Reforma y San Juan Mazatl\u00e1n.<\/p>\n\n\n\n<p>Al respecto, la consejera presidenta, Elizabeth S\u00e1nchez Gonz\u00e1lez, dio a conocer que el an\u00e1lisis integral del expediente correspondiente a la elecci\u00f3n ordinaria de San Juan Mazatl\u00e1n advierte que existen cuatro actas de elecci\u00f3n con resultados y personas electas diferentes; una de ellas refiere una votaci\u00f3n desproporcionada en relaci\u00f3n con la lista nominal de la \u00faltima elecci\u00f3n que se realiz\u00f3 en junio de este a\u00f1o.<\/p>\n\n\n\n<p>Dicha situaci\u00f3n, dijo, vulnera el principio de certeza, mediante el cual se rige el \u00f3rgano electoral y genera inseguridad jur\u00eddica en relaci\u00f3n con la autenticidad de la votaci\u00f3n que se precisa en las actas de asamblea, por tal motivo manifest\u00f3 su voto a favor de considerar no v\u00e1lida la elecci\u00f3n, tal y como lo hicieron tambi\u00e9n las consejeras electorales Carmelita Sibaja Ochoa, Jessica Jazibe Hern\u00e1ndez Garc\u00eda, Nayma Enr\u00edquez Estrada y Zaira Alhel\u00ed Hip\u00f3lito L\u00f3pez, adem\u00e1s del consejero electoral Alejandro Carrasco Sampedro.<\/p>\n\n\n\n<p>Finalmente, en el marco de la sesi\u00f3n se declararon como v\u00e1lidas las elecciones extraordinarias de concejal\u00edas a los ayuntamientos de Santa Mar\u00eda Tlahuitoltepec y Santiago Lalopa; la primera por mayor\u00eda de votos y la segunda por unanimidad.<\/p>\n","protected":false},"excerpt":{"rendered":"<p>Redacci\u00f3n\/Zona Roja. Oaxaca de Ju\u00e1rez, Oax., a 22 de diciembre de 2022.- El Consejo General&hellip;<\/p>\n","protected":false},"author":2,"featured_media":49419,"comment_status":"closed","ping_status":"open","sticky":false,"template":"","format":"standard","meta":{"_lmt_disableupdate":"","_lmt_disable":"","_jetpack_memberships_contains_paid_content":false,"footnotes":""},"categories":[109,46],"tags":[2932],"class_list":["post-49570","post","type-post","status-publish","format-standard","has-post-thumbnail","hentry","category-minuto-a-minuto","category-zona-blanca","tag-instituto-estatal-electoral-y-de-participacion-ciudadana-de-oaxaca-ieepco"],"jetpack_featured_media_url":"https:\/\/zonaroja.com.mx\/wp-content\/uploads\/2022\/12\/vara-de-mando-elecciones-ediles-municipios-indigenas.png","jetpack_sharing_enabled":true,"_links":{"self":[{"href":"https:\/\/zonaroja.com.mx\/index.php?rest_route=\/wp\/v2\/posts\/49570","targetHints":{"allow":["GET"]}}],"collection":[{"href":"https:\/\/zonaroja.com.mx\/index.php?rest_route=\/wp\/v2\/posts"}],"about":[{"href":"https:\/\/zonaroja.com.mx\/index.php?rest_route=\/wp\/v2\/types\/post"}],"author":[{"embeddable":true,"href":"https:\/\/zonaroja.com.mx\/index.php?rest_route=\/wp\/v2\/users\/2"}],"replies":[{"embeddable":true,"href":"https:\/\/zonaroja.com.mx\/index.php?rest_route=%2Fwp%2Fv2%2Fcomments&post=49570"}],"version-history":[{"count":1,"href":"https:\/\/zonaroja.com.mx\/index.php?rest_route=\/wp\/v2\/posts\/49570\/revisions"}],"predecessor-version":[{"id":49571,"href":"https:\/\/zonaroja.com.mx\/index.php?rest_route=\/wp\/v2\/posts\/49570\/revisions\/49571"}],"wp:featuredmedia":[{"embeddable":true,"href":"https:\/\/zonaroja.com.mx\/index.php?rest_route=\/wp\/v2\/media\/49419"}],"wp:attachment":[{"href":"https:\/\/zonaroja.com.mx\/index.php?rest_route=%2Fwp%2Fv2%2Fmedia&parent=49570"}],"wp:term":[{"taxonomy":"category","embeddable":true,"href":"https:\/\/zonaroja.com.mx\/index.php?rest_route=%2Fwp%2Fv2%2Fcategories&post=49570"},{"taxonomy":"post_tag","embeddable":true,"href":"https:\/\/zonaroja.com.mx\/index.php?rest_route=%2Fwp%2Fv2%2Ftags&post=49570"}],"curies":[{"name":"wp","href":"https:\/\/api.w.org\/{rel}","templated":true}]}}