{"id":49574,"date":"2022-12-22T11:46:00","date_gmt":"2022-12-22T17:46:00","guid":{"rendered":"http:\/\/www.zonaroja.com.mx\/?p=49574"},"modified":"2022-12-22T08:24:02","modified_gmt":"2022-12-22T14:24:02","slug":"funcionarios-improvisados-de-jara-en-seguridad-genera-mayor-crisis-en-oaxaca","status":"publish","type":"post","link":"https:\/\/zonaroja.com.mx\/?p=49574","title":{"rendered":"Funcionarios improvisados de Jara en seguridad genera mayor crisis en Oaxaca"},"content":{"rendered":"\n<p>Yuridiana Sosa\/Zona Roja.<\/p>\n\n\n\n<p>Oaxaca de Ju\u00e1rez, Oax., a 22 de diciembre de 2022.- En materia de seguridad, el gobierno de Salom\u00f3n Jara tiene uno de sus mayores retos y a tres semanas de iniciada la administraci\u00f3n, continu\u00f3 la designaci\u00f3n para completar el gabinete en este rubro, con la sorpresa de titulares inexpertos.<\/p>\n\n\n\n<p>Para dirigir la Polic\u00eda Vial Estatal, el gobernador otorg\u00f3 el cargo a Toribio L\u00f3pez S\u00e1nchez, ex diputado perredista y ex funcionario municipal de Santa Cruz Xoxocotl\u00e1n en \u00e1reas distintas a la de seguridad o vialidad.<\/p>\n\n\n\n<p>L\u00f3pez S\u00e1nchez, allegado de los funcionarios Alejandro L\u00f3pez Jarqu\u00edn y Tania L\u00f3pez tambi\u00e9n ex perredistas, es originario de San Miguel el Grande, Tlaxiaco, y de acuerdo a su curr\u00edculum, al momento de fungir como diputado en el periodo 2016-2018 era pasante de la licenciatura en Derecho y Ciencias Sociales, con Certificado de Estudio de la Universidad Aut\u00f3noma \u201cBenito Ju\u00e1rez\u201d de Oaxaca, del 2000-2005.<\/p>\n\n\n\n<p>Como funcionario p\u00fablico municipal de Xoxocotl\u00e1n, fue regidor de Educaci\u00f3n y Cultura entre 2014 y 2016; anteriormente, fue regidor de Proyectos Productivos, en el periodo 2005-2007.<\/p>\n\n\n\n<p>Tambi\u00e9n fungi\u00f3 como director de Desarrollo Social y Humano de Santa Cruz Xoxocotl\u00e1n entre el 2011 y 2013, adem\u00e1s de asesor jur\u00eddico de la Uni\u00f3n de Transportistas y Comunidades de la Mixteca. A.C. de 2008 a 2010.<\/p>\n\n\n\n<p>EL COMISIONADO<\/p>\n\n\n\n<p>Otros nombramientos que han recibido duda colectiva son para Gerardo Robles Lagunas. designado como Comisionado de la Polic\u00eda Estatal.<\/p>\n\n\n\n<p>Es Maestre de la Armada de M\u00e9xico, ajeno al estado y lleg\u00f3 a Oaxaca en 2017 para cumplir con funciones de escolta, ayudante y chofer del ex director general del Colegio de Estudios Cient\u00edficos y Tecnol\u00f3gicos del Estado de Oaxaca (Cecyteo),Gustavo Mar\u00edn Antonio. Pero no cuenta con mayor curr\u00edculum sobre sus capacidades en materia de seguridad p\u00fablica.<\/p>\n\n\n\n<p>EN PABIC<\/p>\n\n\n\n<p>El repudio y bajo perfil tambi\u00e9n son para el director de la Polic\u00eda Auxiliar, Bancaria, Industrial y Comercial (PABIC), Alejandro Tejeda, de quien no se conoce historial positivo en la materia.<\/p>\n\n\n\n<p>La Secci\u00f3n 22 del Sindicato Nacional de Trabajadores de la Educaci\u00f3n (SNTE) lo se\u00f1ala de su presunta participaci\u00f3n en las \u201ccaravanas de la muerte\u201d en la represi\u00f3n del 2006 y ser l\u00edder o promotor del comercio en v\u00eda p\u00fablica desde hace varios a\u00f1os.<\/p>\n\n\n\n<p>Recientemente, el ahora funcionario estatal fue denunciado p\u00fablicamente por artesanos por cobro excesivo e irregular para ocupar un espacio en la v\u00eda p\u00fablica en la capital del estado con motivo de las fiestas de Guelaguetza.<\/p>\n\n\n\n<p>Junto a su esposa, la regidora de Igualdad de G\u00e9nero y de la Ciudad Educadora, Deyanira Altamirano G\u00f3mez, del gobierno morenista de Francisco Mart\u00ednez Neri, cobraron m\u00e1s de cuatro mil 500 pesos a unos 200 artesanos, sin otorgar recibos de pagos.<\/p>\n\n\n\n<p>HERENCIA DELICTIVA<\/p>\n\n\n\n<p>El titular de la Secretar\u00eda de Seguridad y Protecci\u00f3n Ciudadana de Oaxaca, el capit\u00e1n de fragata, Iv\u00e1n Garc\u00eda \u00c1lvarez, reconoci\u00f3 este lunes los altos \u00edndices de inseguridad que vive la entidad, pero responsabiliz\u00f3 al gobierno estatal anterior.<\/p>\n\n\n\n<p>El Capit\u00e1n, activo desde hace 32 a\u00f1os en la Armada de M\u00e9xico, se\u00f1al\u00f3 que el gobierno de Jara Cruz hered\u00f3 \u00abuna delincuencia de homicidios dolosos\u201d porque se permiti\u00f3, logrando que los grupos delincuenciales crearan corredores de drogas.<\/p>\n\n\n\n<p>A su favor dijo que se trabaja en dictaminar canales y estrategias para no afectar a la sociedad, pues hasta ahora los delitos son cometidos entre grupos criminales.<\/p>\n\n\n\n<p>Incluso, inform\u00f3 en conferencia matutina del lunes que algunos aseguramientos de armas, veh\u00edculos y equipo t\u00e1ctico pertenec\u00edan al C\u00e1rtel Jalisco Nueva Generaci\u00f3n.<\/p>\n","protected":false},"excerpt":{"rendered":"<p>Yuridiana Sosa\/Zona Roja. Oaxaca de Ju\u00e1rez, Oax., a 22 de diciembre de 2022.- En materia&hellip;<\/p>\n","protected":false},"author":2,"featured_media":49575,"comment_status":"closed","ping_status":"open","sticky":false,"template":"","format":"standard","meta":{"_lmt_disableupdate":"","_lmt_disable":"","_jetpack_memberships_contains_paid_content":false,"footnotes":""},"categories":[109,47],"tags":[],"class_list":["post-49574","post","type-post","status-publish","format-standard","has-post-thumbnail","hentry","category-minuto-a-minuto","category-zona-gris"],"jetpack_featured_media_url":"https:\/\/zonaroja.com.mx\/wp-content\/uploads\/2022\/12\/Directores-PABIC-y-Policia-Vial.jpg","jetpack_sharing_enabled":true,"_links":{"self":[{"href":"https:\/\/zonaroja.com.mx\/index.php?rest_route=\/wp\/v2\/posts\/49574","targetHints":{"allow":["GET"]}}],"collection":[{"href":"https:\/\/zonaroja.com.mx\/index.php?rest_route=\/wp\/v2\/posts"}],"about":[{"href":"https:\/\/zonaroja.com.mx\/index.php?rest_route=\/wp\/v2\/types\/post"}],"author":[{"embeddable":true,"href":"https:\/\/zonaroja.com.mx\/index.php?rest_route=\/wp\/v2\/users\/2"}],"replies":[{"embeddable":true,"href":"https:\/\/zonaroja.com.mx\/index.php?rest_route=%2Fwp%2Fv2%2Fcomments&post=49574"}],"version-history":[{"count":1,"href":"https:\/\/zonaroja.com.mx\/index.php?rest_route=\/wp\/v2\/posts\/49574\/revisions"}],"predecessor-version":[{"id":49576,"href":"https:\/\/zonaroja.com.mx\/index.php?rest_route=\/wp\/v2\/posts\/49574\/revisions\/49576"}],"wp:featuredmedia":[{"embeddable":true,"href":"https:\/\/zonaroja.com.mx\/index.php?rest_route=\/wp\/v2\/media\/49575"}],"wp:attachment":[{"href":"https:\/\/zonaroja.com.mx\/index.php?rest_route=%2Fwp%2Fv2%2Fmedia&parent=49574"}],"wp:term":[{"taxonomy":"category","embeddable":true,"href":"https:\/\/zonaroja.com.mx\/index.php?rest_route=%2Fwp%2Fv2%2Fcategories&post=49574"},{"taxonomy":"post_tag","embeddable":true,"href":"https:\/\/zonaroja.com.mx\/index.php?rest_route=%2Fwp%2Fv2%2Ftags&post=49574"}],"curies":[{"name":"wp","href":"https:\/\/api.w.org\/{rel}","templated":true}]}}