{"id":49577,"date":"2022-12-22T12:24:00","date_gmt":"2022-12-22T18:24:00","guid":{"rendered":"http:\/\/www.zonaroja.com.mx\/?p=49577"},"modified":"2022-12-22T08:31:30","modified_gmt":"2022-12-22T14:31:30","slug":"lanzan-mezcal-oaxaqueno-son-de-oaxaca-a-nivel-internacional","status":"publish","type":"post","link":"https:\/\/zonaroja.com.mx\/?p=49577","title":{"rendered":"Lanzan mezcal oaxaque\u00f1o \u201cSon de Oaxaca\u201d a nivel internacional"},"content":{"rendered":"\n<p>Redacci\u00f3n\/Zona Roja.<\/p>\n\n\n\n<p>Oaxaca de Ju\u00e1rez, Oax., a 22 de diciembre de 2022.- Una joven empresa cien por ciento oaxaque\u00f1a comienza a despuntar a nivel internacional con la marca de mezcal \u201cSon de Oaxaca\u201d.<\/p>\n\n\n\n<p>Esta semana, el Grupo Sones y Hermitage Spirit Corporaci\u00f3n signaron un convenio para comercializar esta bebida elaborada en el Valle de Etla en el mercado internacional.<\/p>\n\n\n\n<p>Grupo Sones, productora de \u201cSon de Oaxaca\u201d, cien por ciento oaxaque\u00f1a, genera 60 empleos directos y 250 indirectos en los municipios de Santiago Matatl\u00e1n, Santa Ana del R\u00edo, Santa Mar\u00eda Atzompa, San Dionisio Ocotepec y en Santos Degollado, Etla, respectivamente, donde tiene su sede.<\/p>\n\n\n\n<p>En festivo ambiente, en el Palenque de MMM en Santos Degollado municipio de San Juan Bautista Guelache, Etla, &nbsp;se dio a conocer &nbsp;la marca de mezcal, con m\u00e1s de ocho a\u00f1os de experiencia dedicada a la producci\u00f3n de mezcal artesanal.<\/p>\n\n\n\n<p>En la ceremonia y convivencia de dio a conocer que el Grupo Sones S.A. de C.V. brinda servicios de maquila, envasado y comercializaci\u00f3n de bebidas alcoh\u00f3licas, atendiendo oportunamente los requerimientos de sus clientes, de acuerdo con las especificaciones establecidas, manteniendo un equipo de trabajo competente y comprometido con la mejora continua del sistema de gesti\u00f3n de la calidad y las buenas pr\u00e1cticas de manufactura, cumpliendo as\u00ed con los requisitos aplicables de la norma ISO 9001.<\/p>\n\n\n\n<p>De esta manera, Grupo Sones S. A. de C.V. lanz\u00f3 su marca de mezcal, \u201cSon de Oaxaca\u201d, a uno de los mercados m\u00e1s competitivos de los \u00faltimos a\u00f1os, mediante su producto insignia que es el mezcal artesanal, blanco, elaborado con diferentes magueyes, entre los que destacan el espad\u00edn, tepeztate, tobal\u00e1, mexicano, arroque\u00f1o, cuishe entre otros.<\/p>\n\n\n\n<p>Durante el lanzamiento de la marca Son de Oaxaca, el director comercial, Abimael Jasso F., destac\u00f3 que la misi\u00f3n de Grupo Sones S.A. de C.V., no es otra m\u00e1s que \u201cBrindar servicios de maquila, envasado y comercializaci\u00f3n de bebidas alcoh\u00f3licas con altos est\u00e1ndares de calidad, cumpliendo con los requisitos y expectativas de nuestros clientes.\u201d&nbsp;<\/p>\n\n\n\n<p>A la par de su visi\u00f3n que traza el prop\u00f3sito de \u201cSer una empresa sustentable y socialmente responsable, l\u00edderes en la producci\u00f3n, envasado y comercializaci\u00f3n de bebidas alcoh\u00f3licas a nivel nacional e internacional, ofreciendo productos y servicios de excelente calidad a nuestros clientes\u201d.<\/p>\n\n\n\n<p>A este lanzamiento se dieron cita diversas personalidades, entre de ellas directivos de la empresa Hermitage Spirit Corp. S.A. y Grupo Sones S.A. de C.V., as\u00ed como Maestros mezcaleros del estado de Oaxaca, entre otros.<\/p>\n\n\n\n<figure class=\"wp-block-embed is-type-rich is-provider-twitter wp-block-embed-twitter\"><div class=\"wp-block-embed__wrapper\">\n<div class=\"twitter-tweet\"><blockquote class=\"twitter-tweet\" data-lang=\"es\"><p lang=\"es\" dir=\"ltr\">El <a href=\"https:\/\/twitter.com\/hashtag\/mezcal?src=hash&amp;ref_src=twsrc%5Etfw\">#mezcal<\/a> oaxaque\u00f1os se posiciona cada vez m\u00e1s y m\u00e1s en el mundo. <br>Grupo Sones y Hermitage Spirit Corporaci\u00f3n signaron un convenio para comercializar la marca \u201cSon de <a href=\"https:\/\/twitter.com\/hashtag\/Oaxaca?src=hash&amp;ref_src=twsrc%5Etfw\">#Oaxaca<\/a>\u201c en el mercado internacional. <br>Su principal sede se encuentra en Santos Degollado, Etla. <a href=\"https:\/\/t.co\/BUzZOm0wmV\">pic.twitter.com\/BUzZOm0wmV<\/a><\/p>&mdash; Zona Roja Oaxaca (@ZonaRoja_Oaxaca) <a href=\"https:\/\/twitter.com\/ZonaRoja_Oaxaca\/status\/1605708312833572864?ref_src=twsrc%5Etfw\">21 de diciembre de 2022<\/a><\/blockquote><\/div>\n<\/div><\/figure>\n","protected":false},"excerpt":{"rendered":"<p>Redacci\u00f3n\/Zona Roja. Oaxaca de Ju\u00e1rez, Oax., a 22 de diciembre de 2022.- Una joven empresa&hellip;<\/p>\n","protected":false},"author":2,"featured_media":49579,"comment_status":"closed","ping_status":"open","sticky":false,"template":"","format":"standard","meta":{"_lmt_disableupdate":"","_lmt_disable":"","_jetpack_memberships_contains_paid_content":false,"footnotes":""},"categories":[109,46],"tags":[],"class_list":["post-49577","post","type-post","status-publish","format-standard","has-post-thumbnail","hentry","category-minuto-a-minuto","category-zona-blanca"],"jetpack_featured_media_url":"https:\/\/zonaroja.com.mx\/wp-content\/uploads\/2022\/12\/Firma-de-convenio-Son-de-Mezcal.jpg","jetpack_sharing_enabled":true,"_links":{"self":[{"href":"https:\/\/zonaroja.com.mx\/index.php?rest_route=\/wp\/v2\/posts\/49577","targetHints":{"allow":["GET"]}}],"collection":[{"href":"https:\/\/zonaroja.com.mx\/index.php?rest_route=\/wp\/v2\/posts"}],"about":[{"href":"https:\/\/zonaroja.com.mx\/index.php?rest_route=\/wp\/v2\/types\/post"}],"author":[{"embeddable":true,"href":"https:\/\/zonaroja.com.mx\/index.php?rest_route=\/wp\/v2\/users\/2"}],"replies":[{"embeddable":true,"href":"https:\/\/zonaroja.com.mx\/index.php?rest_route=%2Fwp%2Fv2%2Fcomments&post=49577"}],"version-history":[{"count":1,"href":"https:\/\/zonaroja.com.mx\/index.php?rest_route=\/wp\/v2\/posts\/49577\/revisions"}],"predecessor-version":[{"id":49580,"href":"https:\/\/zonaroja.com.mx\/index.php?rest_route=\/wp\/v2\/posts\/49577\/revisions\/49580"}],"wp:featuredmedia":[{"embeddable":true,"href":"https:\/\/zonaroja.com.mx\/index.php?rest_route=\/wp\/v2\/media\/49579"}],"wp:attachment":[{"href":"https:\/\/zonaroja.com.mx\/index.php?rest_route=%2Fwp%2Fv2%2Fmedia&parent=49577"}],"wp:term":[{"taxonomy":"category","embeddable":true,"href":"https:\/\/zonaroja.com.mx\/index.php?rest_route=%2Fwp%2Fv2%2Fcategories&post=49577"},{"taxonomy":"post_tag","embeddable":true,"href":"https:\/\/zonaroja.com.mx\/index.php?rest_route=%2Fwp%2Fv2%2Ftags&post=49577"}],"curies":[{"name":"wp","href":"https:\/\/api.w.org\/{rel}","templated":true}]}}