{"id":49603,"date":"2022-12-23T07:30:01","date_gmt":"2022-12-23T13:30:01","guid":{"rendered":"http:\/\/www.zonaroja.com.mx\/?p=49603"},"modified":"2022-12-23T07:30:06","modified_gmt":"2022-12-23T13:30:06","slug":"asesinan-a-otras-dos-mujeres-y-a-un-individuo-en-oaxaca","status":"publish","type":"post","link":"https:\/\/zonaroja.com.mx\/?p=49603","title":{"rendered":"Asesinan a otras dos mujeres y a un individuo en Oaxaca"},"content":{"rendered":"\n<p>Ismael Garc\u00eda M.\/Zona Roja. Foto: Archivo<\/p>\n\n\n\n<p>Oaxaca de Ju\u00e1rez, Oax., a 23 de diciembre de 2022.- Otras dos mujeres fueron asesinadas a balazos en menos de 24 horas en Oaxaca, adem\u00e1s de una persona del sexo masculino.<\/p>\n\n\n\n<p>Anoche, sujetos armados ingresaron a un bar denominado \u201cLa Escondida\u201d, ubicado en San Andr\u00e9s Huaxpaltepec, municipio de la regi\u00f3n Costa, y dispararon directamente contra una femenina.<\/p>\n\n\n\n<p>La v\u00edctima fue identificada como Jesuita \u201cN\u201d, de 44 a\u00f1os de edad; los sujetos lograron huir del lugar y hasta el momento no hay personas detenidas.<\/p>\n\n\n\n<p>Mientras que la noche del mi\u00e9rcoles tambi\u00e9n en un bar pero de San Mart\u00edn Toxpalan, municipio de la regi\u00f3n Ca\u00f1ada del estado, fue ultimada una mujer, identificada como Marcela D. H., de 34 a\u00f1os de edad.<\/p>\n\n\n\n<p>Un grupo armado ingres\u00f3 al establecimiento denominado \u201cEl Infiernito\u201d, ubicado a un costado de la v\u00eda federal 135; tras consumir cervezas, uno de ellos sac\u00f3 el arma y dispar\u00f3 contra la femenina; despu\u00e9s huyeron.<\/p>\n\n\n\n<p>En tanto que anoche, sujetos armados arribaron a un local de lavaautos \u2014donde antes ya hab\u00edan ultimado a otras personas\u2014 ubicado en el Barrio Nuevo del municipio de Mat\u00edas Romero y ejecutaron a una persona del sexo masculino.\u00a0<\/p>\n\n\n\n<p>Tras ello huyeron de la zona a bordo de una motocicleta, por lo cual no se han reportado personas detenidas, pese a los operativos de b\u00fasqueda.<\/p>\n","protected":false},"excerpt":{"rendered":"<p>Ismael Garc\u00eda M.\/Zona Roja. Foto: Archivo Oaxaca de Ju\u00e1rez, Oax., a 23 de diciembre de&hellip;<\/p>\n","protected":false},"author":2,"featured_media":34099,"comment_status":"closed","ping_status":"open","sticky":false,"template":"","format":"standard","meta":{"_lmt_disableupdate":"","_lmt_disable":"","_jetpack_memberships_contains_paid_content":false,"footnotes":""},"categories":[109,51],"tags":[2051,3359],"class_list":["post-49603","post","type-post","status-publish","format-standard","has-post-thumbnail","hentry","category-minuto-a-minuto","category-zona-roja","tag-san-andres-huaxpaltepec","tag-san-martin-toxpalan"],"jetpack_featured_media_url":"https:\/\/zonaroja.com.mx\/wp-content\/uploads\/2021\/11\/Feminicidio-Jamiltepec-Oaxaca.jpg","jetpack_sharing_enabled":true,"_links":{"self":[{"href":"https:\/\/zonaroja.com.mx\/index.php?rest_route=\/wp\/v2\/posts\/49603","targetHints":{"allow":["GET"]}}],"collection":[{"href":"https:\/\/zonaroja.com.mx\/index.php?rest_route=\/wp\/v2\/posts"}],"about":[{"href":"https:\/\/zonaroja.com.mx\/index.php?rest_route=\/wp\/v2\/types\/post"}],"author":[{"embeddable":true,"href":"https:\/\/zonaroja.com.mx\/index.php?rest_route=\/wp\/v2\/users\/2"}],"replies":[{"embeddable":true,"href":"https:\/\/zonaroja.com.mx\/index.php?rest_route=%2Fwp%2Fv2%2Fcomments&post=49603"}],"version-history":[{"count":1,"href":"https:\/\/zonaroja.com.mx\/index.php?rest_route=\/wp\/v2\/posts\/49603\/revisions"}],"predecessor-version":[{"id":49604,"href":"https:\/\/zonaroja.com.mx\/index.php?rest_route=\/wp\/v2\/posts\/49603\/revisions\/49604"}],"wp:featuredmedia":[{"embeddable":true,"href":"https:\/\/zonaroja.com.mx\/index.php?rest_route=\/wp\/v2\/media\/34099"}],"wp:attachment":[{"href":"https:\/\/zonaroja.com.mx\/index.php?rest_route=%2Fwp%2Fv2%2Fmedia&parent=49603"}],"wp:term":[{"taxonomy":"category","embeddable":true,"href":"https:\/\/zonaroja.com.mx\/index.php?rest_route=%2Fwp%2Fv2%2Fcategories&post=49603"},{"taxonomy":"post_tag","embeddable":true,"href":"https:\/\/zonaroja.com.mx\/index.php?rest_route=%2Fwp%2Fv2%2Ftags&post=49603"}],"curies":[{"name":"wp","href":"https:\/\/api.w.org\/{rel}","templated":true}]}}