{"id":49611,"date":"2022-12-23T08:21:22","date_gmt":"2022-12-23T14:21:22","guid":{"rendered":"http:\/\/www.zonaroja.com.mx\/?p=49611"},"modified":"2022-12-23T08:21:27","modified_gmt":"2022-12-23T14:21:27","slug":"fiscalias-de-oaxaca-y-veracruz-detienen-a-presunto-secuestrador-en-el-istmo","status":"publish","type":"post","link":"https:\/\/zonaroja.com.mx\/?p=49611","title":{"rendered":"Fiscal\u00edas de Oaxaca y Veracruz detienen a presunto secuestrador en el Istmo"},"content":{"rendered":"\n<p>Redacci\u00f3n\/Zona Roja.&nbsp;<\/p>\n\n\n\n<p>Oaxaca de Ju\u00e1rez, Oax., 23 de diciembre de 2022.- La Fiscal\u00eda General del Estado de Oaxaca (FGEO), en estrecha coordinaci\u00f3n con la Unidad Especializada en Combate al Secuestro del Estado de Veracruz, aprehendi\u00f3 y entreg\u00f3 a la Fiscal\u00eda General del Estado de Veracruz a una persona del sexo masculino, se\u00f1alada como probable responsable del delito de secuestro agravado perpetrado en la entidad veracruzana.<\/p>\n\n\n\n<p>De acuerdo con la Unidad Especializada en el Combate al Secuestro de la FGEO, la detenci\u00f3n del imputado -que responde al nombre de J. N. G. P. o O. R. L.-, se cumpliment\u00f3 el pasado 17 de diciembre del presente a\u00f1o, en jurisdicci\u00f3n de Juchit\u00e1n de Zaragoza, en la regi\u00f3n del Istmo de Tehuantepec, como probable responsable del delito de secuestro agravado en perjuicio de una v\u00edctima de identidad reservada.<\/p>\n\n\n\n<p>Dicha orden de aprehensi\u00f3n se realiz\u00f3 con base a la causa penal 1343\/17 IR\/UECS\/COAT\/013\/2015, y fue puesto a disposici\u00f3n de la autoridad judicial que lo requiri\u00f3.<\/p>\n\n\n\n<p>VINCULADO A PROCESO<\/p>\n\n\n\n<p>Por otra parte, la Fiscal\u00eda General obtuvo auto de vinculaci\u00f3n a proceso contra la persona del sexo masculino identificada como A. M. H. L., se\u00f1alado como probable implicado en el delito de desaparici\u00f3n cometida por particulares en agravio de P. F. C. S., cometido en enero de 2021, en San Pablo Etla, en la regi\u00f3n de Valles Centrales.<\/p>\n\n\n\n<p>De acuerdo con la carpeta de investigaci\u00f3n 1537\/FEDH\/FDPE\/2021, los hechos se suscitaron el 14 de enero de 2021, cuando sujetos desconocidos -entre los que se encontraba el imputado- privaron de la libertad a la v\u00edctima en inmediaciones de la calle Leona Vicario, ubicada en la colonia Barrio Morelos, perteneciente a San Pablo Etla, llev\u00e1ndoselo con rumbo desconocido sin que hasta la fecha se conozca su paradero.<\/p>\n\n\n\n<p>Ante estos hechos y tras la denuncia presentada, la Instituci\u00f3n de procuraci\u00f3n de justicia inici\u00f3 una exhaustiva y diligente investigaci\u00f3n -a trav\u00e9s de la Unidades Especializada de Desaparici\u00f3n Forzada, perteneciente a la Vicefiscal\u00eda General de Atenci\u00f3n a V\u00edctimas y a la Sociedad-, logrando presentar al probable responsable ante el Juez de la causa.<\/p>\n\n\n\n<p>En audiencia y tras validar los datos proporcionados por la FGEO, el Juez en determin\u00f3 vincular a proceso al imputado A. M. H. L. y otorg\u00f3 seis meses para el cierre de investigaci\u00f3n complementaria.<\/p>\n\n\n\n<p>OTRO POR ROBO<\/p>\n\n\n\n<p>En otro caso, la Fiscal\u00eda de Oaxaca obtuvo, del Juzgado de Control, auto de vinculaci\u00f3n a proceso contra una persona del sexo masculino identificada como V. C. L., se\u00f1alado como probable responsable del delito de robo calificado con violencia moral a las personas en perjuicio de Farmacon S.A . DE C.V, ubicada en San Juan Bautista Tuxtepec, en la regi\u00f3n de la Cuenca del Papaloapan.<\/p>\n\n\n\n<p>De acuerdo con los hechos asentados en la causa penal 213\/2022, el 30 de noviembre de 2022, el imputado ingres\u00f3 con un arma de fuego a la farmacia ubicada en inmediaciones de la calle 5 de Mayo, perteneciente a la demarcaci\u00f3n antes mencionada, donde amenaz\u00f3 y despoj\u00f3 a la trabajadora del dinero en efectivo de la venta del d\u00eda.<\/p>\n\n\n\n<p>Ante estos hechos, la Instituci\u00f3n de procuraci\u00f3n de justicia a trav\u00e9s -de la Vicefiscal\u00eda Regional de la Cuenca- inici\u00f3 las diligencias correspondientes y present\u00f3 al imputado ante la autoridad judicial que lo requiri\u00f3.<\/p>\n\n\n\n<p>En audiencia y tras validar los datos de prueba proporcionados por la FGEO, el Juez en turno determin\u00f3 vincular a proceso a V. C. L., imponiendo la medida cautelar de prisi\u00f3n preventiva, adem\u00e1s que otorg\u00f3 dos meses para el cierre de investigaci\u00f3n complementaria.<\/p>\n\n\n\n<p>En otro hecho diferente, la FGEO a trav\u00e9s de la Agencia Estatal de Investigaciones (AEI), logr\u00f3 aprehender a dos personas del sexo masculino identificados como L. E. B. M y L. K. P. R., se\u00f1alados como probables responsables del delito de robo espec\u00edfico en perjuicio patrimonial de D. M. A. N., cometido el 12 de septiembre de 2022, en la regi\u00f3n de la Cuenca y cuya situaci\u00f3n jur\u00eddica se resolver\u00e1 en las pr\u00f3ximas horas.<\/p>\n\n\n\n<p>Cabe mencionar, que los hechos se encuentran asentados en la carpeta de investigaci\u00f3n 31634\/FCUE\/TUXTEPEC\/2022.&nbsp;<\/p>\n\n\n\n<p>La Fiscal\u00eda General reitera su compromiso de garantizar la seguridad y patrimonio de las empresas, presentando ante la justicia a quienes cometan estos delitos.<\/p>\n","protected":false},"excerpt":{"rendered":"<p>Redacci\u00f3n\/Zona Roja.&nbsp; Oaxaca de Ju\u00e1rez, Oax., 23 de diciembre de 2022.- La Fiscal\u00eda General del&hellip;<\/p>\n","protected":false},"author":2,"featured_media":34301,"comment_status":"closed","ping_status":"open","sticky":false,"template":"","format":"standard","meta":{"_lmt_disableupdate":"","_lmt_disable":"","_jetpack_memberships_contains_paid_content":false,"footnotes":""},"categories":[109,46],"tags":[494],"class_list":["post-49611","post","type-post","status-publish","format-standard","has-post-thumbnail","hentry","category-minuto-a-minuto","category-zona-blanca","tag-fiscalia-general-del-estado-de-oaxaca"],"jetpack_featured_media_url":"https:\/\/zonaroja.com.mx\/wp-content\/uploads\/2021\/11\/Detenido-delito-violencia-1.jpg","jetpack_sharing_enabled":true,"_links":{"self":[{"href":"https:\/\/zonaroja.com.mx\/index.php?rest_route=\/wp\/v2\/posts\/49611","targetHints":{"allow":["GET"]}}],"collection":[{"href":"https:\/\/zonaroja.com.mx\/index.php?rest_route=\/wp\/v2\/posts"}],"about":[{"href":"https:\/\/zonaroja.com.mx\/index.php?rest_route=\/wp\/v2\/types\/post"}],"author":[{"embeddable":true,"href":"https:\/\/zonaroja.com.mx\/index.php?rest_route=\/wp\/v2\/users\/2"}],"replies":[{"embeddable":true,"href":"https:\/\/zonaroja.com.mx\/index.php?rest_route=%2Fwp%2Fv2%2Fcomments&post=49611"}],"version-history":[{"count":1,"href":"https:\/\/zonaroja.com.mx\/index.php?rest_route=\/wp\/v2\/posts\/49611\/revisions"}],"predecessor-version":[{"id":49612,"href":"https:\/\/zonaroja.com.mx\/index.php?rest_route=\/wp\/v2\/posts\/49611\/revisions\/49612"}],"wp:featuredmedia":[{"embeddable":true,"href":"https:\/\/zonaroja.com.mx\/index.php?rest_route=\/wp\/v2\/media\/34301"}],"wp:attachment":[{"href":"https:\/\/zonaroja.com.mx\/index.php?rest_route=%2Fwp%2Fv2%2Fmedia&parent=49611"}],"wp:term":[{"taxonomy":"category","embeddable":true,"href":"https:\/\/zonaroja.com.mx\/index.php?rest_route=%2Fwp%2Fv2%2Fcategories&post=49611"},{"taxonomy":"post_tag","embeddable":true,"href":"https:\/\/zonaroja.com.mx\/index.php?rest_route=%2Fwp%2Fv2%2Ftags&post=49611"}],"curies":[{"name":"wp","href":"https:\/\/api.w.org\/{rel}","templated":true}]}}