{"id":49613,"date":"2022-12-23T11:59:00","date_gmt":"2022-12-23T17:59:00","guid":{"rendered":"http:\/\/www.zonaroja.com.mx\/?p=49613"},"modified":"2022-12-23T14:02:52","modified_gmt":"2022-12-23T20:02:52","slug":"pend-11","status":"publish","type":"post","link":"https:\/\/zonaroja.com.mx\/?p=49613","title":{"rendered":"Presenta renuncia el fiscal Arturo Peimbert, por \u00f3rdenes de Salom\u00f3n Jara"},"content":{"rendered":"\n<p>Ismael Garc\u00eda M.\/ Zona Roja.<\/p>\n\n\n\n<p>Oaxaca de Ju\u00e1rez, Oax., a 23 de diciembre de 2022.- La tarde de este viernes, Arturo Peimbert Calvo present\u00f3 su renuncia a la titularidad de la Fiscal\u00eda General del Estado de Oaxaca, ante el Congreso local.<\/p>\n\n\n\n<p>Personalmente acudi\u00f3 a la sede del Poder Legislativo, poco despu\u00e9s de las 13:00 horas, donde entreg\u00f3 el documento, a menos de dos a\u00f1os de haber sido designado.&nbsp;<\/p>\n\n\n\n<p>Presuntamente la dimisi\u00f3n habr\u00eda sido por petici\u00f3n del gobernador Salom\u00f3n Jara Cruz, tras el proceso judicial en que cuatro personas, entre ellas la ex edil de Asunci\u00f3n Nochixtl\u00e1n, Lizbeth Victoria, fueron sentenciadas por la desaparici\u00f3n forzada de Claudia Uruchurtu.&nbsp;<\/p>\n\n\n\n<p>Peimbert Calvo hasta el momento no ha dado ninguna declaraci\u00f3n. Fue designado el 28 de marzo de 2021 por el pleno del Congreso, por un lapso de siete a\u00f1os, tras el an\u00e1lisis de una terna.&nbsp;<\/p>\n\n\n\n<p>No obstante, desde la campa\u00f1a pol\u00edtica y ahora al inicio del gobierno, se adelant\u00f3 que Jara Cruz le solicitar\u00eda la renuncia, por no acatar la instrucci\u00f3n de apoyar a Lizbeth Victoria Huerta. <\/p>\n","protected":false},"excerpt":{"rendered":"<p>Ismael Garc\u00eda M.\/ Zona Roja. Oaxaca de Ju\u00e1rez, Oax., a 23 de diciembre de 2022.-&hellip;<\/p>\n","protected":false},"author":2,"featured_media":49615,"comment_status":"closed","ping_status":"open","sticky":false,"template":"","format":"standard","meta":{"_lmt_disableupdate":"","_lmt_disable":"","_jetpack_memberships_contains_paid_content":false,"footnotes":""},"categories":[109,1,47],"tags":[2532],"class_list":["post-49613","post","type-post","status-publish","format-standard","has-post-thumbnail","hentry","category-minuto-a-minuto","category-sin-categoria","category-zona-gris","tag-arturo-peimbert-calvo"],"jetpack_featured_media_url":"https:\/\/zonaroja.com.mx\/wp-content\/uploads\/2022\/12\/3528947e-0881-42a6-b6a8-5e31ea8250b4.jpg","jetpack_sharing_enabled":true,"_links":{"self":[{"href":"https:\/\/zonaroja.com.mx\/index.php?rest_route=\/wp\/v2\/posts\/49613","targetHints":{"allow":["GET"]}}],"collection":[{"href":"https:\/\/zonaroja.com.mx\/index.php?rest_route=\/wp\/v2\/posts"}],"about":[{"href":"https:\/\/zonaroja.com.mx\/index.php?rest_route=\/wp\/v2\/types\/post"}],"author":[{"embeddable":true,"href":"https:\/\/zonaroja.com.mx\/index.php?rest_route=\/wp\/v2\/users\/2"}],"replies":[{"embeddable":true,"href":"https:\/\/zonaroja.com.mx\/index.php?rest_route=%2Fwp%2Fv2%2Fcomments&post=49613"}],"version-history":[{"count":2,"href":"https:\/\/zonaroja.com.mx\/index.php?rest_route=\/wp\/v2\/posts\/49613\/revisions"}],"predecessor-version":[{"id":49616,"href":"https:\/\/zonaroja.com.mx\/index.php?rest_route=\/wp\/v2\/posts\/49613\/revisions\/49616"}],"wp:featuredmedia":[{"embeddable":true,"href":"https:\/\/zonaroja.com.mx\/index.php?rest_route=\/wp\/v2\/media\/49615"}],"wp:attachment":[{"href":"https:\/\/zonaroja.com.mx\/index.php?rest_route=%2Fwp%2Fv2%2Fmedia&parent=49613"}],"wp:term":[{"taxonomy":"category","embeddable":true,"href":"https:\/\/zonaroja.com.mx\/index.php?rest_route=%2Fwp%2Fv2%2Fcategories&post=49613"},{"taxonomy":"post_tag","embeddable":true,"href":"https:\/\/zonaroja.com.mx\/index.php?rest_route=%2Fwp%2Fv2%2Ftags&post=49613"}],"curies":[{"name":"wp","href":"https:\/\/api.w.org\/{rel}","templated":true}]}}