{"id":49617,"date":"2022-12-23T16:18:21","date_gmt":"2022-12-23T22:18:21","guid":{"rendered":"http:\/\/www.zonaroja.com.mx\/?p=49617"},"modified":"2022-12-23T16:18:24","modified_gmt":"2022-12-23T22:18:24","slug":"otra-vez-gobiernos-inician-intentos-para-retorno-y-seguridad-en-zona-triqui","status":"publish","type":"post","link":"https:\/\/zonaroja.com.mx\/?p=49617","title":{"rendered":"Otra vez, gobiernos inician intentos para retorno y seguridad en zona triqui"},"content":{"rendered":"\n<p>Yuridiana Sosa\/ Zona Roja.<\/p>\n\n\n\n<p>Oaxaca de Ju\u00e1rez, Oax., 23 de diciembre de 2022.- Por en\u00e9sima ocasi\u00f3n, los gobiernos estatal y federal, junto con organizaciones sociales, retomaron los intentos para establecer un acuerdo de paz y retorno de las v\u00edctimas de desplazamiento forzado en la zona triqui.<\/p>\n\n\n\n<p>La instalaci\u00f3n de la mesa de \u201cConstrucci\u00f3n de paz,&nbsp;justicia y bienestar&nbsp;para la naci\u00f3n triqui\u201d se llev\u00f3 a cabo este viernes en Palacio de Gobierno de Oaxaca, encabezada por el mandatario Salom\u00f3n Jara Cruz y el subsecretario de Derechos Humanos de la Secretar\u00eda de Gobernaci\u00f3n (Segob), Alejandro Encinas.<\/p>\n\n\n\n<p>El funcionario federal se\u00f1al\u00f3 que existe voluntad pol\u00edtica de los niveles de gobierno para el proceso de construcci\u00f3n de paz para dicha regi\u00f3n, y como parte de su obligaci\u00f3n, generar\u00e1n las condiciones para que se concrete con \u00e9xito.<\/p>\n\n\n\n<p>Reconoci\u00f3 que el problema ha generado agravios a las familias desplazadas y a la poblaci\u00f3n triqui en general, por lo que reconoci\u00f3 al gobierno estatal actual su inter\u00e9s para dar soluci\u00f3n a la situaci\u00f3n previo y desde el inicio de su administraci\u00f3n y asegur\u00f3 que est\u00e1 vez se abre un proceso en mejores condiciones.<\/p>\n\n\n\n<p>En las mesas participar\u00e1n las organizaciones de Movimiento de Unificaci\u00f3n y Lucha Triqui (MULT), Movimiento de Unificaci\u00f3n y Lucha Triqui Independiente (MULTI) y la Uni\u00f3n&nbsp;de Bienestar Social de la Regi\u00f3n Triqui (Ubisort), quienes leyeron sus cartas intenciones y de compromiso, mismas que despu\u00e9s firm\u00f3 el mandatario estatal.<\/p>\n\n\n\n<p>El primer acuerdo logrado, a petici\u00f3n de las propias organizaciones que representa a la comunidad triqui, fue solicitar la colaboraci\u00f3n para ejecutar operativos permanentes y otros que se consideren necesarios en las vialidades que unen a Juxtlahuaca y a Putla, as\u00ed como otros puntos que se acuerden para garantizar la seguridad de la zona.<\/p>\n\n\n\n<p>Las organizaciones, en las que no se distingui\u00f3 la presencia de los grupos desplazados de San Juan Copala que hab\u00edan establecido desde el 2010 un campamento en el exterior de Palacio de Gobierno, agradecieron la oportunidad de participar de los acuerdos para el proceso de paz en su zona.<\/p>\n\n\n\n<p>Por su parte, el gobernador Salom\u00f3n Jara Cruz asever\u00f3 que la mesa instalada es el \u00fanico \u00f3rgano autorizado que abordar\u00e1 la soluci\u00f3n del problema en la naci\u00f3n triqui, mismas que \u00e9l mismo encabezar\u00e1 para las reuniones.<\/p>\n\n\n\n<p>Para este proceso se establecer\u00e1n diferentes mesas, una relacionada a la paz, un comit\u00e9 t\u00e9cnico, y cuatro mesas tem\u00e1ticas que abordar\u00e1n la justicia, el bienestar, seguridad y atenci\u00f3n integral a las personas v\u00edctimas de desplazamiento forzado. &nbsp;<\/p>\n\n\n\n<p>OTROS INTENTOS<\/p>\n\n\n\n<p>En mayo de 2022 se registr\u00f3 el fallido intento del retorno seguro de desplazados&nbsp;triquis&nbsp;de Tierra Blanca Copala, de Santiago Juxtlahuaca, en la regi\u00f3n Mixteca.<\/p>\n\n\n\n<p>En ese entonces a s\u00f3lo cuatro d\u00edas de la fecha fijada para el 16 de mayo, la organizaci\u00f3n MULT rompi\u00f3 con el acuerdo ante el Gobierno de M\u00e9xico y Oaxaca para llevar a cabo acciones correspondientes a una reincorporaci\u00f3n a la comunidad.<\/p>\n\n\n\n<p>La ruptura de ese acuerdo se dio ante la discrepancia del MULT con la organizaci\u00f3n MULTI, por supuestos ataques entre ambos grupos contra sus pobladores.<\/p>\n\n\n\n<p>Desde enero de 2021 que se registr\u00f3 el desplazamiento masivo por la violencia en la regi\u00f3n, esa fue la primera ocasi\u00f3n en la que se hab\u00eda logrado un acuerdo com\u00fan entre las organizaciones involucradas. Sin embargo, como en la mayor\u00eda de las ocasiones, el MULT no cumpli\u00f3, como ocurri\u00f3 el&nbsp;el 18 de febrero, cuando tras otro acuerdo, el MULTI denunci\u00f3 que el MULT impidi\u00f3 las acciones de seguridad que la Guardia Nacional implementar\u00eda para generar el retorno&nbsp; de los desplazados.<\/p>\n","protected":false},"excerpt":{"rendered":"<p>Yuridiana Sosa\/ Zona Roja. Oaxaca de Ju\u00e1rez, Oax., 23 de diciembre de 2022.- Por en\u00e9sima&hellip;<\/p>\n","protected":false},"author":2,"featured_media":49618,"comment_status":"closed","ping_status":"open","sticky":false,"template":"","format":"standard","meta":{"_lmt_disableupdate":"","_lmt_disable":"","_jetpack_memberships_contains_paid_content":false,"footnotes":""},"categories":[109,47],"tags":[2037],"class_list":["post-49617","post","type-post","status-publish","format-standard","has-post-thumbnail","hentry","category-minuto-a-minuto","category-zona-gris","tag-indigenas-triquis-copala"],"jetpack_featured_media_url":"https:\/\/zonaroja.com.mx\/wp-content\/uploads\/2022\/12\/FOTO-1-Historica-instalacion-de-Mesa-de-Construccion-de-Paz-con-Justicia-y-Bienestar-para-la-Nacion-Triqui.jpeg","jetpack_sharing_enabled":true,"_links":{"self":[{"href":"https:\/\/zonaroja.com.mx\/index.php?rest_route=\/wp\/v2\/posts\/49617","targetHints":{"allow":["GET"]}}],"collection":[{"href":"https:\/\/zonaroja.com.mx\/index.php?rest_route=\/wp\/v2\/posts"}],"about":[{"href":"https:\/\/zonaroja.com.mx\/index.php?rest_route=\/wp\/v2\/types\/post"}],"author":[{"embeddable":true,"href":"https:\/\/zonaroja.com.mx\/index.php?rest_route=\/wp\/v2\/users\/2"}],"replies":[{"embeddable":true,"href":"https:\/\/zonaroja.com.mx\/index.php?rest_route=%2Fwp%2Fv2%2Fcomments&post=49617"}],"version-history":[{"count":1,"href":"https:\/\/zonaroja.com.mx\/index.php?rest_route=\/wp\/v2\/posts\/49617\/revisions"}],"predecessor-version":[{"id":49619,"href":"https:\/\/zonaroja.com.mx\/index.php?rest_route=\/wp\/v2\/posts\/49617\/revisions\/49619"}],"wp:featuredmedia":[{"embeddable":true,"href":"https:\/\/zonaroja.com.mx\/index.php?rest_route=\/wp\/v2\/media\/49618"}],"wp:attachment":[{"href":"https:\/\/zonaroja.com.mx\/index.php?rest_route=%2Fwp%2Fv2%2Fmedia&parent=49617"}],"wp:term":[{"taxonomy":"category","embeddable":true,"href":"https:\/\/zonaroja.com.mx\/index.php?rest_route=%2Fwp%2Fv2%2Fcategories&post=49617"},{"taxonomy":"post_tag","embeddable":true,"href":"https:\/\/zonaroja.com.mx\/index.php?rest_route=%2Fwp%2Fv2%2Ftags&post=49617"}],"curies":[{"name":"wp","href":"https:\/\/api.w.org\/{rel}","templated":true}]}}