{"id":4962,"date":"2019-10-19T15:05:35","date_gmt":"2019-10-19T20:05:35","guid":{"rendered":"https:\/\/www.zonaroja.com.mx\/?p=4962"},"modified":"2019-10-19T15:05:37","modified_gmt":"2019-10-19T20:05:37","slug":"con-mensajes-llenos-de-emotividad-inicia-la-39-feria-del-libro-en-oaxaca","status":"publish","type":"post","link":"https:\/\/zonaroja.com.mx\/?p=4962","title":{"rendered":"Con mensajes llenos de emotividad, inicia la 39 Feria del Libro en Oaxaca"},"content":{"rendered":"\n<p class=\"p1\">Evlin Arag\u00f3n\/Zona Roja.<\/p>\n\n\n\n<p class=\"p1\">Santa Luc\u00eda del Camino, Oax., 19 de octubre de 2019.- Minutos despu\u00e9s&nbsp;<a href=\"\/\/0\">de las 10 de la ma\u00f1ana<\/a>&nbsp;de este s\u00e1bado fue inaugurada&nbsp;&nbsp;la 39 edici\u00f3n de la Feria Internacional del Libro en Oaxaca (FILO), con un foro repleto al interior del Centro Cultural y de Convenciones ubicado en el municipio de Santa Luc\u00eda del Camino.<\/p>\n\n\n\n<p class=\"p1\">Ante la presencia de titulares de las secretar\u00eda de Cultura estatal y federal, as\u00ed como escritoras integrantes del Comit\u00e9 Organizador del Programa Editorial central de la FILO, Vania Resendiz presidenta de la editorial Almad\u00eda dio la bienvenida a las y los presentes, a quienes agradeci\u00f3 la confianza en el proyecto desde hace d\u00e9cadas.<\/p>\n\n\n\n<p class=\"p1\">Con un mensaje sumamente emotivo, en el que incluso evoc\u00f3 a su linaje femenino a quien agradeci\u00f3 todo el respaldo a lo largo de su vida, se dijo convencida del cambio social que es cada vez m\u00e1s necesario en los tiempos actuales y que se refleja en esta emisi\u00f3n de la FILO.&nbsp;<\/p>\n\n\n\n<p class=\"p1\">A nombre de las y los organizadores de la feria, se pronunci\u00f3 a favor del derecho a la libertad, el de las mujeres, a decidir sobre sus cuerpos y al reconocimiento de todas aquellas que han luchado para que las mujeres puedan gozar en plenitud de sus derechos.&nbsp;<\/p>\n\n\n\n<p class=\"p1\">En este sentido, reconoci\u00f3 el trabajo de las mujeres que integraron el Comit\u00e9 del Programa Literario denominado \u201cEscrituras para reinventar la vida\u201d: Y\u00e1snaya Aguilar, Jazmina Barrera, Ver\u00f3nica Gerber, Tanya Huntington, Yolanda Segura, Isabel Zapata, quienes lograron que el 91 por ciento de las actividades sean encabezadas por mujeres.&nbsp;<\/p>\n\n\n\n<p class=\"p1\">A la par indic\u00f3 que pese a las adversidades, no pondr\u00e1 en duda la labor que realizan y el compromiso existente con la comunidad, de forma especial con las mujeres como se demuestra en el programa de este a\u00f1o, al cual se comprometi\u00f3 a darle continuidad en las siguientes emisiones.<\/p>\n\n\n\n<p class=\"p1\">\u201cEs imperante responder al presente con miras al futuro, hoy comienza de nuevo una posibilidad del di\u00e1logo, el programa&nbsp; dedicado a mujeres lleg\u00f3 para quedarse\u201d, sentenci\u00f3.&nbsp;<\/p>\n\n\n\n<p class=\"p1\">Por su parte y en conjunto, Jazmina Barrera, Yolanda Segura e Isabel Zapata, integrantes del comit\u00e9 programador, aseguraron que fue desde el a\u00f1o pasado que se decidi\u00f3 que las mujeres serian eje central de la FILO, por lo que este a\u00f1o se incluyen la reflexi\u00f3n en temas como machismo, cuidados y desigualdades, mujeres ind\u00edgenas, aborto y derecho a decidir, patriarcado, feminismo, violencia de g\u00e9nero y feminicidios entre muchos m\u00e1s.&nbsp;<\/p>\n\n\n\n<p class=\"p1\">\u201cPor las que ya no est\u00e1n, por las que nos faltan, por las que vienen, por las que estamos, proponemos la escritura y la conversaci\u00f3n para inventar la vida nuevamente\u201d, expusieron.<\/p>\n\n\n\n<p class=\"p1\">Fue la subsecretaria de Cultura&nbsp; a nivel federal, Natalia Toledo, la encargada de inaugurar la FILO 2019, quien no pudo contener las lagrimas al agradecer el homenaje a dos personas que significaron mucho en su vida, su padre Francisco Toledo y la escritora juchiteca y amiga cercana, Roc\u00edo Gonz\u00e1lez.&nbsp;<\/p>\n\n\n\n<p class=\"p1\">\u201cMe da mucho gusto que est\u00e9 dedicada a mi padre Francisco Toledo y a Roc\u00edo Gonz\u00e1lez poeta juchiteca que es de las m\u00e1s grandes exponentes en Oaxaca y que todos deber\u00edamos leer\u201d, se\u00f1al\u00f3 entre l\u00e1grimas.<\/p>\n\n\n\n<p class=\"p1\">Finalmente, celebr\u00f3 la instalaci\u00f3n del pabell\u00f3n de lenguas ind\u00edgenas que incluye a todas las que a\u00fan se encuentran vigentes en M\u00e9xico y la relevancia que se les ha dado este a\u00f1o al interior de la Feria de Libro.&nbsp;<\/p>\n\n\n\n<p class=\"p1\">Fue Rebeca Solnit la encargada de impartir la conferencia inaugural titulada \u201cEl poder de la voz, las pol\u00edticas del silencio\u201d, en la que destac\u00f3 que el feminismo tiene que ver con los derechos humanos y su lucha tendr\u00e1 una victoria en este siglo debido a que se est\u00e1n incorporando mujeres cada vez m\u00e1s diversas.&nbsp;<\/p>\n\n\n\n<p class=\"p1\">\u201cEstamos haciendo revoluciones peque\u00f1as para derrocar no solo a los gobiernos sino a los peque\u00f1os y no tan peque\u00f1os opresores inmersos en el patriarcado\u201d, manifest\u00f3.&nbsp;<br class=\"Apple-interchange-newline\" \/><\/p>\n\n\n\n<p><\/p>\n","protected":false},"excerpt":{"rendered":"<p>Evlin Arag\u00f3n\/Zona Roja. Santa Luc\u00eda del Camino, Oax., 19 de octubre de 2019.- Minutos despu\u00e9s&nbsp;de&hellip;<\/p>\n","protected":false},"author":2,"featured_media":4961,"comment_status":"closed","ping_status":"open","sticky":false,"template":"","format":"standard","meta":{"_lmt_disableupdate":"","_lmt_disable":"","_jetpack_memberships_contains_paid_content":false,"footnotes":""},"categories":[1],"tags":[],"class_list":["post-4962","post","type-post","status-publish","format-standard","has-post-thumbnail","hentry","category-sin-categoria"],"jetpack_featured_media_url":"https:\/\/zonaroja.com.mx\/wp-content\/uploads\/2019\/10\/img_9807.jpg","jetpack_sharing_enabled":true,"_links":{"self":[{"href":"https:\/\/zonaroja.com.mx\/index.php?rest_route=\/wp\/v2\/posts\/4962","targetHints":{"allow":["GET"]}}],"collection":[{"href":"https:\/\/zonaroja.com.mx\/index.php?rest_route=\/wp\/v2\/posts"}],"about":[{"href":"https:\/\/zonaroja.com.mx\/index.php?rest_route=\/wp\/v2\/types\/post"}],"author":[{"embeddable":true,"href":"https:\/\/zonaroja.com.mx\/index.php?rest_route=\/wp\/v2\/users\/2"}],"replies":[{"embeddable":true,"href":"https:\/\/zonaroja.com.mx\/index.php?rest_route=%2Fwp%2Fv2%2Fcomments&post=4962"}],"version-history":[{"count":1,"href":"https:\/\/zonaroja.com.mx\/index.php?rest_route=\/wp\/v2\/posts\/4962\/revisions"}],"predecessor-version":[{"id":4963,"href":"https:\/\/zonaroja.com.mx\/index.php?rest_route=\/wp\/v2\/posts\/4962\/revisions\/4963"}],"wp:featuredmedia":[{"embeddable":true,"href":"https:\/\/zonaroja.com.mx\/index.php?rest_route=\/wp\/v2\/media\/4961"}],"wp:attachment":[{"href":"https:\/\/zonaroja.com.mx\/index.php?rest_route=%2Fwp%2Fv2%2Fmedia&parent=4962"}],"wp:term":[{"taxonomy":"category","embeddable":true,"href":"https:\/\/zonaroja.com.mx\/index.php?rest_route=%2Fwp%2Fv2%2Fcategories&post=4962"},{"taxonomy":"post_tag","embeddable":true,"href":"https:\/\/zonaroja.com.mx\/index.php?rest_route=%2Fwp%2Fv2%2Ftags&post=4962"}],"curies":[{"name":"wp","href":"https:\/\/api.w.org\/{rel}","templated":true}]}}