{"id":49623,"date":"2022-12-23T21:34:40","date_gmt":"2022-12-24T03:34:40","guid":{"rendered":"http:\/\/www.zonaroja.com.mx\/?p=49623"},"modified":"2022-12-23T21:36:24","modified_gmt":"2022-12-24T03:36:24","slug":"inconformidad-en-eleccion-desata-violencia-en-municipio-de-oaxaca","status":"publish","type":"post","link":"https:\/\/zonaroja.com.mx\/?p=49623","title":{"rendered":"Inconformidad en elecci\u00f3n desata violencia en municipio de Oaxaca"},"content":{"rendered":"\n<p>Ismael Garc\u00eda M.\/Zona Roja.<\/p>\n\n\n\n<p>Oaxaca de Ju\u00e1rez, Oax., a 23 de diciembre de 2022.- Habitantes de la agencia de San Isidro Lagunas quemaron hoy el palacio municipal de San Andr\u00e9s Lagunas, municipio de la regi\u00f3n Mixteca de Oaxaca, inconformes por la elecci\u00f3n de autoridades.<\/p>\n\n\n\n<p>Los hechos sucedieron la tarde de este viernes, en que durante el proceso que se realiza bajo Sistemas Normativos Ind\u00edgenas, la mayor\u00eda de los habitantes design\u00f3 a Mar\u00eda Soledad Osorio Crist\u00f3bal, originaria de San Isidro, como presidenta municipal.<\/p>\n\n\n\n<p>La asamblea continu\u00f3 con la elecci\u00f3n del S\u00edndico Municipal, cargo que recay\u00f3 en Pedro Acevedo Palmas, de la cabecera municipal, lo que desat\u00f3 la ira de un grupo de pobladores de San Isidro Lagunas.<\/p>\n\n\n\n<p>Adem\u00e1s de incendiar el palacio municipal, retuvieron por unas horas al personal e incluso pretend\u00edan lincharlos.<\/p>\n\n\n\n<p>Los agresores fueron identificados como Guadalupe Guzm\u00e1n Ruiz, Ana Iris R\u00edos, Eleazar Hern\u00e1ndez y Caty Flores Mart\u00ednez, quienes pretend\u00edan que todas las autoridades surgieran de la agencia municipal de San Isidro Lagunas.<\/p>\n\n\n\n<p>Otros ciudadanos identificados como agresores son Ezequiel Osorio&nbsp;Osorio, Jorge Alexis Montes Flores, Carlos Palma, Jonathan Palma Hern\u00e1ndez,&nbsp;Brayan&nbsp;Jes\u00fas Palma Teodoro, Carlos Daniel Palma Teodoro, Luis Miguel Palma Teodoro, Eleazar Hern\u00e1ndez Crist\u00f3bal, Guadalupe Peralta Aguirre, Guadalupe Guzm\u00e1n Ruiz, Ana&nbsp;Irais&nbsp;R\u00edos, Marcelina Mart\u00ednez,&nbsp;HacelaJazm\u00edn Cruz, Karla Mart\u00ednez, Erika P\u00e9rez Peralta, Aar\u00f3n Osorio&nbsp;Osorio,&nbsp;Loida&nbsp;Palma Ortiz, Nohem\u00ed Flores&nbsp;Flores, Israel Guzm\u00e1n, Eugenio Mart\u00ednez L\u00f3pez,&nbsp;Zafira&nbsp;Flores&nbsp;Flores, Marisol Teodoro.<\/p>\n\n\n\n<p>San Andr\u00e9s Lagunas es un municipio perteneciente al distrito de Teposcolula, en la regi\u00f3n Mixteca y seg\u00fan el censo 2010 del Inegi, cuenta con aproximadamente 505 ciudadanos.<\/p>\n\n\n\n<figure class=\"wp-block-embed is-type-rich is-provider-twitter wp-block-embed-twitter\"><div class=\"wp-block-embed__wrapper\">\n<div class=\"twitter-tweet\"><blockquote class=\"twitter-tweet\" data-lang=\"es\"><p lang=\"es\" dir=\"ltr\"><a href=\"https:\/\/twitter.com\/hashtag\/%C3%9AltimoMinuto?src=hash&amp;ref_src=twsrc%5Etfw\">#\u00daltimoMinuto<\/a><br>Tensi\u00f3n en la Mixteca: pobladores de San Andr\u00e9s Lagunas, distrito de Teposcolula, Oaxaca, incendian el palacio municipal esta tarde. <br>En unos momentos m\u00e1s informaci\u00f3n. <a href=\"https:\/\/t.co\/qrMVTT0AMd\">pic.twitter.com\/qrMVTT0AMd<\/a><\/p>&mdash; Zona Roja Oaxaca (@ZonaRoja_Oaxaca) <a href=\"https:\/\/twitter.com\/ZonaRoja_Oaxaca\/status\/1606434107470266377?ref_src=twsrc%5Etfw\">23 de diciembre de 2022<\/a><\/blockquote><\/div>\n<\/div><\/figure>\n","protected":false},"excerpt":{"rendered":"<p>Ismael Garc\u00eda M.\/Zona Roja. Oaxaca de Ju\u00e1rez, Oax., a 23 de diciembre de 2022.- Habitantes&hellip;<\/p>\n","protected":false},"author":2,"featured_media":49624,"comment_status":"closed","ping_status":"open","sticky":false,"template":"","format":"standard","meta":{"_lmt_disableupdate":"","_lmt_disable":"","_jetpack_memberships_contains_paid_content":false,"footnotes":""},"categories":[109,47],"tags":[3360],"class_list":["post-49623","post","type-post","status-publish","format-standard","has-post-thumbnail","hentry","category-minuto-a-minuto","category-zona-gris","tag-san-andres-lagunas"],"jetpack_featured_media_url":"https:\/\/zonaroja.com.mx\/wp-content\/uploads\/2022\/12\/Queman-palacio-municipal-San-Andres-Lagunas-.jpg","jetpack_sharing_enabled":true,"_links":{"self":[{"href":"https:\/\/zonaroja.com.mx\/index.php?rest_route=\/wp\/v2\/posts\/49623","targetHints":{"allow":["GET"]}}],"collection":[{"href":"https:\/\/zonaroja.com.mx\/index.php?rest_route=\/wp\/v2\/posts"}],"about":[{"href":"https:\/\/zonaroja.com.mx\/index.php?rest_route=\/wp\/v2\/types\/post"}],"author":[{"embeddable":true,"href":"https:\/\/zonaroja.com.mx\/index.php?rest_route=\/wp\/v2\/users\/2"}],"replies":[{"embeddable":true,"href":"https:\/\/zonaroja.com.mx\/index.php?rest_route=%2Fwp%2Fv2%2Fcomments&post=49623"}],"version-history":[{"count":1,"href":"https:\/\/zonaroja.com.mx\/index.php?rest_route=\/wp\/v2\/posts\/49623\/revisions"}],"predecessor-version":[{"id":49625,"href":"https:\/\/zonaroja.com.mx\/index.php?rest_route=\/wp\/v2\/posts\/49623\/revisions\/49625"}],"wp:featuredmedia":[{"embeddable":true,"href":"https:\/\/zonaroja.com.mx\/index.php?rest_route=\/wp\/v2\/media\/49624"}],"wp:attachment":[{"href":"https:\/\/zonaroja.com.mx\/index.php?rest_route=%2Fwp%2Fv2%2Fmedia&parent=49623"}],"wp:term":[{"taxonomy":"category","embeddable":true,"href":"https:\/\/zonaroja.com.mx\/index.php?rest_route=%2Fwp%2Fv2%2Fcategories&post=49623"},{"taxonomy":"post_tag","embeddable":true,"href":"https:\/\/zonaroja.com.mx\/index.php?rest_route=%2Fwp%2Fv2%2Ftags&post=49623"}],"curies":[{"name":"wp","href":"https:\/\/api.w.org\/{rel}","templated":true}]}}