{"id":49627,"date":"2022-12-23T22:11:03","date_gmt":"2022-12-24T04:11:03","guid":{"rendered":"http:\/\/www.zonaroja.com.mx\/?p=49627"},"modified":"2022-12-23T22:11:07","modified_gmt":"2022-12-24T04:11:07","slug":"acusan-que-noe-jara-pretende-crear-su-propio-grupo-de-transportistas","status":"publish","type":"post","link":"https:\/\/zonaroja.com.mx\/?p=49627","title":{"rendered":"Acusan que No\u00e9 Jara pretende crear su propio grupo de transportistas"},"content":{"rendered":"\n<p>Redacci\u00f3n\/Zona Roja.<\/p>\n\n\n\n<p>Oaxaca de Ju\u00e1rez, Oax., a 23 de diciembre de 2022.- Tras la fallida alianza con la Confederaci\u00f3n Joven, No\u00e9 Jara Cruz pretende crear su propia organizaci\u00f3n de transportistas, denunciaron integrantes de este sindicato.<\/p>\n\n\n\n<p>Lo anterior, con la finalidad de tener su propio gremio al que el gobierno de su hermano, Salom\u00f3n Jara Cruz, le asigne obras, adem\u00e1s de contar con un grupo de choque que pueda hacer frente, con violencia, a quienes no comulguen con Morena.<\/p>\n\n\n\n<p>Integrantes de la Confederaci\u00f3n Joven lamentaron que No\u00e9 Jara haya roto los acuerdos que ten\u00edan, pues les prometi\u00f3 que ser\u00edan el sindicato fuerte del sexenio e incluso por eso respaldaron al hoy gobernador durante su campa\u00f1a pol\u00edtica.<\/p>\n\n\n\n<p>Asimismo, criticaron que no haya apoyado a los transportistas que se enfrentaron con la polic\u00eda municipal, la semana pasada, en el centro de la ciudad de Oaxaca, por lo que tuvo que ir su dirigente Jos\u00e9 Luis Balderas a intervenir inmediatamente.<\/p>\n\n\n\n<p>\u201cA lo mejor le dio miedo a don No\u00e9 luego que asesinaron a nuestro l\u00edder, horas despu\u00e9s de que acudi\u00f3 a pegar calcas con nosotros en Plaza Bella; pero tenemos muchas pruebas, fotos y videos de que lo acompa\u00f1amos y apoyamos en todo lo que nos ped\u00eda\u201d, se\u00f1alaron los inconformes.<\/p>\n\n\n\n<p>Informaron que no permitir\u00e1n la creaci\u00f3n de un nuevo sindicato \u2014que se prev\u00e9 la presentaci\u00f3n sea la pr\u00f3xima semana\u2014 y que de ser necesario, se aliar\u00e1n con otros gremios del transporte para evitar que No\u00e9 Jara se quede con todos los contratos que genere el gobierno de su hermano Salom\u00f3n Jara Cruz.&nbsp;<\/p>\n","protected":false},"excerpt":{"rendered":"<p>Redacci\u00f3n\/Zona Roja. Oaxaca de Ju\u00e1rez, Oax., a 23 de diciembre de 2022.- Tras la fallida&hellip;<\/p>\n","protected":false},"author":2,"featured_media":48558,"comment_status":"closed","ping_status":"open","sticky":false,"template":"","format":"standard","meta":{"_lmt_disableupdate":"","_lmt_disable":"","_jetpack_memberships_contains_paid_content":false,"footnotes":""},"categories":[109,47],"tags":[3305],"class_list":["post-49627","post","type-post","status-publish","format-standard","has-post-thumbnail","hentry","category-minuto-a-minuto","category-zona-gris","tag-noe-jara-cruz"],"jetpack_featured_media_url":"https:\/\/zonaroja.com.mx\/wp-content\/uploads\/2022\/11\/Noe-Jara-y-dirigente-Confederacion-Joven.jpeg","jetpack_sharing_enabled":true,"_links":{"self":[{"href":"https:\/\/zonaroja.com.mx\/index.php?rest_route=\/wp\/v2\/posts\/49627","targetHints":{"allow":["GET"]}}],"collection":[{"href":"https:\/\/zonaroja.com.mx\/index.php?rest_route=\/wp\/v2\/posts"}],"about":[{"href":"https:\/\/zonaroja.com.mx\/index.php?rest_route=\/wp\/v2\/types\/post"}],"author":[{"embeddable":true,"href":"https:\/\/zonaroja.com.mx\/index.php?rest_route=\/wp\/v2\/users\/2"}],"replies":[{"embeddable":true,"href":"https:\/\/zonaroja.com.mx\/index.php?rest_route=%2Fwp%2Fv2%2Fcomments&post=49627"}],"version-history":[{"count":1,"href":"https:\/\/zonaroja.com.mx\/index.php?rest_route=\/wp\/v2\/posts\/49627\/revisions"}],"predecessor-version":[{"id":49628,"href":"https:\/\/zonaroja.com.mx\/index.php?rest_route=\/wp\/v2\/posts\/49627\/revisions\/49628"}],"wp:featuredmedia":[{"embeddable":true,"href":"https:\/\/zonaroja.com.mx\/index.php?rest_route=\/wp\/v2\/media\/48558"}],"wp:attachment":[{"href":"https:\/\/zonaroja.com.mx\/index.php?rest_route=%2Fwp%2Fv2%2Fmedia&parent=49627"}],"wp:term":[{"taxonomy":"category","embeddable":true,"href":"https:\/\/zonaroja.com.mx\/index.php?rest_route=%2Fwp%2Fv2%2Fcategories&post=49627"},{"taxonomy":"post_tag","embeddable":true,"href":"https:\/\/zonaroja.com.mx\/index.php?rest_route=%2Fwp%2Fv2%2Ftags&post=49627"}],"curies":[{"name":"wp","href":"https:\/\/api.w.org\/{rel}","templated":true}]}}