{"id":49629,"date":"2022-12-24T09:00:00","date_gmt":"2022-12-24T15:00:00","guid":{"rendered":"http:\/\/www.zonaroja.com.mx\/?p=49629"},"modified":"2022-12-24T07:02:39","modified_gmt":"2022-12-24T13:02:39","slug":"confirma-la-unam-que-ministra-de-la-scjn-plagio-tesis-de-derecho","status":"publish","type":"post","link":"https:\/\/zonaroja.com.mx\/?p=49629","title":{"rendered":"Confirma la UNAM que ministra de la SCJN plagi\u00f3 tesis de derecho"},"content":{"rendered":"\n<p>Redacci\u00f3n\/Zona Roja Cdmx.<\/p>\n\n\n\n<p>Ciudad de M\u00e9xico, a 24 de diciembre de 2022.- La ministra de la Suprema Corte de Justicia de la Naci\u00f3n (SCJN), Yasm\u00edn Esquivel Mossa, s\u00ed plagi\u00f3 la mayor parte de una tesis para graduarse como abogada.<\/p>\n\n\n\n<p>Tras la publicaci\u00f3n del acad\u00e9mico Guillermo Sheridan, inici\u00f3 la pol\u00e9mica en la que incluso el Presidente L\u00f3pez Obrador critic\u00f3 el se\u00f1alamiento y defendi\u00f3 a quien aspira a dirigir la SCJN.<\/p>\n\n\n\n<p>Sin embargo, ayer la Universidad Nacional Aut\u00f3noma de M\u00e9xico (UNAM) confirm\u00f3 que existe un \u00abalto nivel de coincidencias\u00bb entre la tesis con la que Yasm\u00edn Esquivel obtuvo su t\u00edtulo de Licenciada en Derecho en 1987, y la que un a\u00f1o antes registr\u00f3 otro alumno, Edgar Ulises B\u00e1ez Guti\u00e9rrez.<\/p>\n\n\n\n<p>Mediante un comunicado, la instituci\u00f3n explic\u00f3, sin citar el nombre de la ahora ministra, que se realiz\u00f3 un cotejo pormenorizado en el que encontraron similitudes entre el texto original y el que en 1987 registr\u00f3 Esquivel Mossa.<\/p>\n\n\n\n<p>\u00abAl llevar a cabo el cotejo pormenorizado de las tesis profesionales de una alumna de la Facultad de Estudios Superiores (FES) Arag\u00f3n, presentada en 1987 con la de un alumno de la Facultad de Derecho, sustentada en 1986, la Direcci\u00f3n General de Bibliotecas y Servicios Digitales de Informaci\u00f3n de esta Universidad encontr\u00f3 que existe un alto nivel de coincidencias entre ambos textos\u00bb, inform\u00f3 la UNAM en su comunicado.<\/p>\n\n\n\n<p>Por ello, el Comit\u00e9 de Integridad Acad\u00e9mica y Cient\u00edfica de la FES Arag\u00f3n, donde Esquivel curs\u00f3 la Licenciatura, revisar\u00e1 el caso y emprender\u00e1 el debido proceso legal en apego a los procedimientos, detall\u00f3 la Universidad.<\/p>\n\n\n\n<p>La actual ministra es esposa de Jos\u00e9 Mar\u00eda Riobo\u00f3, constructor favorito y principal asesor en temas de infraestructura del Presidente Andr\u00e9s Manuel L\u00f3pez Obrador, quien la propuso como ministra.<\/p>\n\n\n\n<p>VARIOS PLAGIOS<\/p>\n\n\n\n<p>Por su parte, en un art\u00edculo publicado este s\u00e1bado en el diario \u201cReforma\u201d, la periodista Penyley Ram\u00edrez dio a conocer que la catedr\u00e1tica Martha Rodr\u00edguez dirigi\u00f3 su primera tesis en la UNAM en 1983.&nbsp;<\/p>\n\n\n\n<p>\u201cLa m\u00e1s reciente, en 2019. Los registros muestran que asesor\u00f3 unas 513 tesis. En promedio, m\u00e1s de una cada mes, durante 36 a\u00f1os. Una de esas fue firmada por Yasm\u00edn Esquivel, actual ministra de la Suprema Corte. Otras tres fueron id\u00e9nticas o similares, firmadas por otros autores\u201d, destac\u00f3.<br>\u201cNuestra superhero\u00edna no solo era capaz de asesorar tesis a una velocidad inaudita. Al mismo tiempo, era profesora de tiempo completo en la Escuela de Estudios Superiores Arag\u00f3n, profesora de asignatura en la Facultad de Derecho, trabajaba en un Seminario en la UNAM y en un despacho privado\u201d, agreg\u00f3.<br>La especialista en investigaci\u00f3n period\u00edstica abund\u00f3 que la tesis de la hoy ministra Esquivel, de 1987, es casi igual a otra que se present\u00f3 un a\u00f1o antes. Ambas fueron asesoradas por Rodr\u00edguez.&nbsp;<\/p>\n\n\n\n<p>Quiz\u00e1, en unos meses, Rodr\u00edguez se olvid\u00f3 de lo que dec\u00eda la tesis de otro alumno suyo. La de 1986, sin embargo, tiene cuestionarios y trabajo de campo que Esquivel no copi\u00f3 (como tambi\u00e9n not\u00f3 El Pa\u00eds). \u00bfQuiz\u00e1 le pareci\u00f3 excesivo a Esquivel incluir entrevistas que no hizo, con personas a quienes nunca conoci\u00f3? No lo sabemos\u201d.<\/p>\n","protected":false},"excerpt":{"rendered":"<p>Redacci\u00f3n\/Zona Roja Cdmx. Ciudad de M\u00e9xico, a 24 de diciembre de 2022.- La ministra de&hellip;<\/p>\n","protected":false},"author":2,"featured_media":49633,"comment_status":"closed","ping_status":"open","sticky":false,"template":"","format":"standard","meta":{"_lmt_disableupdate":"","_lmt_disable":"","_jetpack_memberships_contains_paid_content":false,"footnotes":""},"categories":[109,47],"tags":[3361],"class_list":["post-49629","post","type-post","status-publish","format-standard","has-post-thumbnail","hentry","category-minuto-a-minuto","category-zona-gris","tag-yasmin-esquivel-mossa"],"jetpack_featured_media_url":"https:\/\/zonaroja.com.mx\/wp-content\/uploads\/2022\/12\/Ministra-Yasmin-Esquivel-2.webp","jetpack_sharing_enabled":true,"_links":{"self":[{"href":"https:\/\/zonaroja.com.mx\/index.php?rest_route=\/wp\/v2\/posts\/49629","targetHints":{"allow":["GET"]}}],"collection":[{"href":"https:\/\/zonaroja.com.mx\/index.php?rest_route=\/wp\/v2\/posts"}],"about":[{"href":"https:\/\/zonaroja.com.mx\/index.php?rest_route=\/wp\/v2\/types\/post"}],"author":[{"embeddable":true,"href":"https:\/\/zonaroja.com.mx\/index.php?rest_route=\/wp\/v2\/users\/2"}],"replies":[{"embeddable":true,"href":"https:\/\/zonaroja.com.mx\/index.php?rest_route=%2Fwp%2Fv2%2Fcomments&post=49629"}],"version-history":[{"count":1,"href":"https:\/\/zonaroja.com.mx\/index.php?rest_route=\/wp\/v2\/posts\/49629\/revisions"}],"predecessor-version":[{"id":49634,"href":"https:\/\/zonaroja.com.mx\/index.php?rest_route=\/wp\/v2\/posts\/49629\/revisions\/49634"}],"wp:featuredmedia":[{"embeddable":true,"href":"https:\/\/zonaroja.com.mx\/index.php?rest_route=\/wp\/v2\/media\/49633"}],"wp:attachment":[{"href":"https:\/\/zonaroja.com.mx\/index.php?rest_route=%2Fwp%2Fv2%2Fmedia&parent=49629"}],"wp:term":[{"taxonomy":"category","embeddable":true,"href":"https:\/\/zonaroja.com.mx\/index.php?rest_route=%2Fwp%2Fv2%2Fcategories&post=49629"},{"taxonomy":"post_tag","embeddable":true,"href":"https:\/\/zonaroja.com.mx\/index.php?rest_route=%2Fwp%2Fv2%2Ftags&post=49629"}],"curies":[{"name":"wp","href":"https:\/\/api.w.org\/{rel}","templated":true}]}}