{"id":49635,"date":"2022-12-24T13:00:00","date_gmt":"2022-12-24T19:00:00","guid":{"rendered":"http:\/\/www.zonaroja.com.mx\/?p=49635"},"modified":"2022-12-24T07:58:26","modified_gmt":"2022-12-24T13:58:26","slug":"desapariciones-de-ninas-y-adolescentes-en-mexico-aumentan-19","status":"publish","type":"post","link":"https:\/\/zonaroja.com.mx\/?p=49635","title":{"rendered":"Desapariciones de ni\u00f1as y adolescentes en M\u00e9xico aumentan 19%"},"content":{"rendered":"\n<p>Redacci\u00f3n\/Zona Roja Cdmx.<\/p>\n\n\n\n<p>Ciudad de M\u00e9xico, a 24 de diciembre de 2022.- Los casos de ni\u00f1as y adolescentes entre 10 y 19 a\u00f1os que desaparecieron en M\u00e9xico y que no han sido encontradas crecieron 19% este 2022 en comparaci\u00f3n con el 2021, seg\u00fan muestran datos de la Comisi\u00f3n Nacional de B\u00fasqueda de la Secretar\u00eda de Gobernaci\u00f3n (Segob).<\/p>\n\n\n\n<p>Entre enero y hasta ayer, 21 de diciembre del 2022, en el referido rango de edad desaparecieron 1,280 ni\u00f1as y adolescentes, mientras que para el mismo periodo pero del 2021 los casos ascendieron a 1,075.<\/p>\n\n\n\n<p>En las menores de 10 a 14 a\u00f1os se han registrado este a\u00f1o al menos 420 casos mientras que para el 2021 fueron 361. En tanto que entre las j\u00f3venes de 15 a 19 a\u00f1os se pas\u00f3 de 714 a 860.<\/p>\n\n\n\n<p>En general, el n\u00famero de mujeres que han desaparecido y no han sido encontradas este a\u00f1o asciende a 3,000, mientras que para el 2021 la cifra fue de 2,871 v\u00edctimas, es decir, hay un alza de 4.4 por ciento.<\/p>\n\n\n\n<p>Los datos de mujeres desaparecidas este a\u00f1o contrasta con el de hombres ya que en ellos los casos en general disminuyeron, seg\u00fan los datos de Segob.<\/p>\n\n\n\n<p>De enero y hasta ayer se contabilizaban 6,503 casos mientras que para el 2021 la cifra fue de 7,303, es decir, una baja de 10.9 por ciento.<\/p>\n\n\n\n<p>VEN DESD\u00c9N<\/p>\n\n\n\n<p>Las desapariciones de mujeres son reflejo de las tendencias delictivas que, en gran parte, el crimen organizado ha impulsado. Sin embargo, tambi\u00e9n son muestra de las deficiencias y el desd\u00e9n por parte del gobierno para implementar estrategias a favor de las mujeres, se\u00f1alaron activistas.<\/p>\n\n\n\n<p>Leticia Burgos Ochoa, fundadora de la Red Feminista Sonorense y la Red Nacional de Alertistas, destac\u00f3 que a diferencia de la d\u00e9cada de los 70 o 80, cuando las mujeres desaparec\u00edan por razones pol\u00edticas, hoy se observa claramente c\u00f3mo los asesinatos y las desapariciones se ven fuertemente ligadas a delitos como feminicidio o por el crimen organizado, sin dejar de lado la tendencia al alza de los casos en donde est\u00e1 presente en violencia de pareja, o la trata de personas.<\/p>\n\n\n\n<p>La activista y exlegisladora a\u00f1adi\u00f3 que la problem\u00e1tica de las desapariciones de mujeres tambi\u00e9n se ve enmarcado por una tendencia a minimizar y, subestimar, los casos por parte del gobierno.<\/p>\n\n\n\n<p>Hay un \u201cdesd\u00e9n\u201d por \u201cno querer reconocer plenamente la problem\u00e1tica y consecuentemente falta de una estrategia\u201d, dijo.<\/p>\n\n\n\n<p>Para Mar\u00eda Josefina de Le\u00f3n, madre de Cinthya Mabel Pantoja de Le\u00f3n, desaparecida el 22 de abril de 2012 en el municipio de Nuevo Padilla, Tamaulipas, las desapariciones de mujeres se han incrementado en los \u00faltimos a\u00f1os por motivos como el confinamiento provocado por el Covid-19; delitos de trata, explotaci\u00f3n sexual o aquellos casos relacionados con feminicidios.<\/p>\n\n\n\n<p>Sin embargo, la tambi\u00e9n fundadora de la Red de Desaparecidos de Tamaulipas advirti\u00f3 que a pesar de que la problem\u00e1tica ha obligado a generar avances en la \u00faltima d\u00e9cada en materia de b\u00fasqueda e investigaci\u00f3n del delito, estos no se ven reflejados en la erradicaci\u00f3n de las malas pr\u00e1cticas que existen al interior de las instituciones.<\/p>\n\n\n\n<p>(Informaci\u00f3n de \u201cEl Economista\u201d)<\/p>\n","protected":false},"excerpt":{"rendered":"<p>Redacci\u00f3n\/Zona Roja Cdmx. Ciudad de M\u00e9xico, a 24 de diciembre de 2022.- Los casos de&hellip;<\/p>\n","protected":false},"author":2,"featured_media":49133,"comment_status":"closed","ping_status":"open","sticky":false,"template":"","format":"standard","meta":{"_lmt_disableupdate":"","_lmt_disable":"","_jetpack_memberships_contains_paid_content":false,"footnotes":""},"categories":[109,47],"tags":[3252],"class_list":["post-49635","post","type-post","status-publish","format-standard","has-post-thumbnail","hentry","category-minuto-a-minuto","category-zona-gris","tag-personas-desaparecidas-en-mexico"],"jetpack_featured_media_url":"https:\/\/zonaroja.com.mx\/wp-content\/uploads\/2022\/12\/Busqueda-de-personas-desaparecidos.jpg","jetpack_sharing_enabled":true,"_links":{"self":[{"href":"https:\/\/zonaroja.com.mx\/index.php?rest_route=\/wp\/v2\/posts\/49635","targetHints":{"allow":["GET"]}}],"collection":[{"href":"https:\/\/zonaroja.com.mx\/index.php?rest_route=\/wp\/v2\/posts"}],"about":[{"href":"https:\/\/zonaroja.com.mx\/index.php?rest_route=\/wp\/v2\/types\/post"}],"author":[{"embeddable":true,"href":"https:\/\/zonaroja.com.mx\/index.php?rest_route=\/wp\/v2\/users\/2"}],"replies":[{"embeddable":true,"href":"https:\/\/zonaroja.com.mx\/index.php?rest_route=%2Fwp%2Fv2%2Fcomments&post=49635"}],"version-history":[{"count":1,"href":"https:\/\/zonaroja.com.mx\/index.php?rest_route=\/wp\/v2\/posts\/49635\/revisions"}],"predecessor-version":[{"id":49636,"href":"https:\/\/zonaroja.com.mx\/index.php?rest_route=\/wp\/v2\/posts\/49635\/revisions\/49636"}],"wp:featuredmedia":[{"embeddable":true,"href":"https:\/\/zonaroja.com.mx\/index.php?rest_route=\/wp\/v2\/media\/49133"}],"wp:attachment":[{"href":"https:\/\/zonaroja.com.mx\/index.php?rest_route=%2Fwp%2Fv2%2Fmedia&parent=49635"}],"wp:term":[{"taxonomy":"category","embeddable":true,"href":"https:\/\/zonaroja.com.mx\/index.php?rest_route=%2Fwp%2Fv2%2Fcategories&post=49635"},{"taxonomy":"post_tag","embeddable":true,"href":"https:\/\/zonaroja.com.mx\/index.php?rest_route=%2Fwp%2Fv2%2Ftags&post=49635"}],"curies":[{"name":"wp","href":"https:\/\/api.w.org\/{rel}","templated":true}]}}