{"id":49637,"date":"2022-12-24T07:18:57","date_gmt":"2022-12-24T13:18:57","guid":{"rendered":"http:\/\/www.zonaroja.com.mx\/?p=49637"},"modified":"2022-12-24T07:18:59","modified_gmt":"2022-12-24T13:18:59","slug":"en-carretera-de-oaxaca-vuela-auto-cae-una-casa-y-mueren-dos-personas","status":"publish","type":"post","link":"https:\/\/zonaroja.com.mx\/?p=49637","title":{"rendered":"En carretera de Oaxaca, vuela auto, cae una casa y mueren dos personas"},"content":{"rendered":"\n<p>Redacci\u00f3n\/Zona Roja.<\/p>\n\n\n\n<p>Oaxaca de Ju\u00e1rez, Oax., a 24 de diciembre de 2022.- Un hombre y una mujer perdieron la vida tras salir volando, pr\u00e1cticamente, un veh\u00edculo de motor de la carretera Oaxaca-Istmo, en jurisdicci\u00f3n de Santa Mar\u00eda El Tule, y caer en una casa.<\/p>\n\n\n\n<p>De acuerdo con reportes policiacos, los hechos ocurrieron la ma\u00f1ana de ayer viernes, en el libramiento vial de ese municipio, ubicado a unos 10 kil\u00f3metros de la capital.<\/p>\n\n\n\n<p>Se trata de un veh\u00edculo de la marca Kia, color negro, con placas de circulaci\u00f3n TML-3771 de Oaxaca, que al parecer por exceso de velocidad se sali\u00f3 de la carretera y cay\u00f3 en un domicilio, a varios metros de la cinta asf\u00e1ltica.<\/p>\n\n\n\n<p>Una de las v\u00edctimas fue identificada como Jes\u00fas Ruiz M\u00e9ndez, de aproximadamente 40 a\u00f1os de edad, con domicilio en Tlacolula de Matamoros, y la mujer como Karina A. M., de 37 a\u00f1os.<\/p>\n\n\n\n<p>En menos de una semana, al menos 10 personas han perdido la vida a causa de accidentes vehiculares, la mayor\u00eda de ellos en la regi\u00f3n Valles Centrales de Oaxaca.<\/p>\n","protected":false},"excerpt":{"rendered":"<p>Redacci\u00f3n\/Zona Roja. Oaxaca de Ju\u00e1rez, Oax., a 24 de diciembre de 2022.- Un hombre y&hellip;<\/p>\n","protected":false},"author":2,"featured_media":49639,"comment_status":"closed","ping_status":"open","sticky":false,"template":"","format":"standard","meta":{"_lmt_disableupdate":"","_lmt_disable":"","_jetpack_memberships_contains_paid_content":false,"footnotes":""},"categories":[109,51],"tags":[],"class_list":["post-49637","post","type-post","status-publish","format-standard","has-post-thumbnail","hentry","category-minuto-a-minuto","category-zona-roja"],"jetpack_featured_media_url":"https:\/\/zonaroja.com.mx\/wp-content\/uploads\/2022\/12\/Accidente-carretero-El-Tule.jpg","jetpack_sharing_enabled":true,"_links":{"self":[{"href":"https:\/\/zonaroja.com.mx\/index.php?rest_route=\/wp\/v2\/posts\/49637","targetHints":{"allow":["GET"]}}],"collection":[{"href":"https:\/\/zonaroja.com.mx\/index.php?rest_route=\/wp\/v2\/posts"}],"about":[{"href":"https:\/\/zonaroja.com.mx\/index.php?rest_route=\/wp\/v2\/types\/post"}],"author":[{"embeddable":true,"href":"https:\/\/zonaroja.com.mx\/index.php?rest_route=\/wp\/v2\/users\/2"}],"replies":[{"embeddable":true,"href":"https:\/\/zonaroja.com.mx\/index.php?rest_route=%2Fwp%2Fv2%2Fcomments&post=49637"}],"version-history":[{"count":1,"href":"https:\/\/zonaroja.com.mx\/index.php?rest_route=\/wp\/v2\/posts\/49637\/revisions"}],"predecessor-version":[{"id":49640,"href":"https:\/\/zonaroja.com.mx\/index.php?rest_route=\/wp\/v2\/posts\/49637\/revisions\/49640"}],"wp:featuredmedia":[{"embeddable":true,"href":"https:\/\/zonaroja.com.mx\/index.php?rest_route=\/wp\/v2\/media\/49639"}],"wp:attachment":[{"href":"https:\/\/zonaroja.com.mx\/index.php?rest_route=%2Fwp%2Fv2%2Fmedia&parent=49637"}],"wp:term":[{"taxonomy":"category","embeddable":true,"href":"https:\/\/zonaroja.com.mx\/index.php?rest_route=%2Fwp%2Fv2%2Fcategories&post=49637"},{"taxonomy":"post_tag","embeddable":true,"href":"https:\/\/zonaroja.com.mx\/index.php?rest_route=%2Fwp%2Fv2%2Ftags&post=49637"}],"curies":[{"name":"wp","href":"https:\/\/api.w.org\/{rel}","templated":true}]}}