{"id":4964,"date":"2019-10-19T17:40:03","date_gmt":"2019-10-19T22:40:03","guid":{"rendered":"http:\/\/www.zonaroja.com.mx\/?p=4964"},"modified":"2019-10-19T17:40:05","modified_gmt":"2019-10-19T22:40:05","slug":"violencia-feminicida-y-de-genero-gran-deuda-del-estado-carmen-aristegui","status":"publish","type":"post","link":"https:\/\/zonaroja.com.mx\/?p=4964","title":{"rendered":"Violencia feminicida y de g\u00e9nero, gran deuda del Estado: Carmen Aristegui"},"content":{"rendered":"\n<p>Evlin Arag\u00f3n\/Zona Roja.<\/p>\n\n\n\n<p>Santa Luc\u00eda del Camino, Oax., 19 de octubre\nde 2019.- En el primer d\u00eda de la Feria Internacional del Libro en Oaxaca (FILO),\nla periodista Carmen Aristegui convers\u00f3 con sus colegas oaxaque\u00f1a Carina P\u00e9rez\ny Diana Manzo sobre temas de inter\u00e9s p\u00fablico y que se encuentran en la agenda\nactual de M\u00e9xico.<\/p>\n\n\n\n<p>Con un auditorio repleto, como en otras\nemisiones de la FILO, la periodista reconoci\u00f3 la importancia de que espacios\nque invitan al di\u00e1logo, el an\u00e1lisis y la reflexi\u00f3n pongan en el centro a las\nmujeres, sobre todo en tiempos como los que vive el pa\u00eds, con n\u00fameros\nalarmantes en materia de violencia de g\u00e9nero y feminicidios.<\/p>\n\n\n\n<p>En este sentido, describi\u00f3 como deuda\npor parte del Estado hacia las mujeres: la erradicaci\u00f3n de la violencia de\ng\u00e9nero y feminicida, el acoso en todas sus representaciones y la impunidad\nhacia los agresores, situaci\u00f3n que mantiene a este sector en la vulnerabilidad.<\/p>\n\n\n\n<p>Con el paliacate verde, s\u00edmbolo de la\nlucha por la despenalizaci\u00f3n del aborto, celebr\u00f3 la organizaci\u00f3n de las mujeres\ny la lucha que mantienen para defender sus derechos y el logro hist\u00f3rico que se\nregistr\u00f3 recientemente en Oaxaca al legalizar la interrupci\u00f3n del embarazo\nantes de las 12 semanas de gestaci\u00f3n. <\/p>\n\n\n\n<p>\u201cLo que aqu\u00ed ha ocurrido es muy\nimportante, este paliacate simboliza una batalla muy importante para lograr una\nlegislaci\u00f3n de avanzada que garantiza el derecho de las mujeres a decidir; es\nimportante para Oaxaca y para el pa\u00eds porque es una batalla que se gan\u00f3 a\npartir del tes\u00f3n y la gran claridad de la garant\u00eda de los derechos sexuales y\nreproductivos\u201d, dijo.<\/p>\n\n\n\n<p>Con lo anterior, reconoci\u00f3 la lucha de\nlos diferentes colectivos de mujeres, por sus derechos, a la par que indic\u00f3\nexisten muchas causas a las cuales aferrarse por lo que invito a las y los\npresentes a ejercer una ciudadan\u00eda participativa, tomando incluso como\nreferente al pintor juchiteco, reci\u00e9n fallecido, Francisco Toledo.<\/p>\n\n\n\n<p>Al respecto, record\u00f3 que el artista fue\nuno de los grandes defensores del ma\u00edz nativo, las lenguas ind\u00edgenas, del\npatrimonio edificado, de la libertad de expresi\u00f3n y el derecho a la\ninformaci\u00f3n, entre muchas otras causas, por lo que se ha convertido en una gran\nfuente de inspiraci\u00f3n en un pa\u00eds como M\u00e9xico donde no existe una cultura de\nparticipaci\u00f3n ciudadana desarrollada. <\/p>\n\n\n\n<p>\u201cHablar de Toledo es voltear a ver lo\nque alguien puede hacer cuando decide hacerlo, m\u00e1s a\u00fan a favor de la sociedad y\nno de s\u00ed mismo. \u00c9l es una muestra de qu\u00e9 hay que comprometerse con las causas,\norganizarse y hacer cosas desde una ciudadan\u00eda responsable\u201d, dijo.<\/p>\n\n\n\n<p>CULIAC\u00c1N, RETRATO<\/p>\n\n\n\n<p>Finalmente, la comunicadora ocup\u00f3 gran\nparte de su reflexi\u00f3n al caso reciente en Culiac\u00e1n, Sinaloa, donde dijo se vio\nclaramente de qu\u00e9 tama\u00f1o es el \u201cbicho\u201d al que se enfrenta el pa\u00eds y lo\nimportante de ejercer una ciudadan\u00eda activa que mantenga el impulso del\ngobierno en contra del narcotr\u00e1fico. <\/p>\n\n\n\n<p>\u201cLo de Culiac\u00e1n es un retrato de cuerpo\nentero del gran desaf\u00edo que enfrenta M\u00e9xico, sin duda nos sacudi\u00f3 a todas y\ntodos, estamos en un momento crucial para exigir acciones contundentes y evitar\nque el crimen organizado domine el pa\u00eds\u201d, dijo la comunicadora.<\/p>\n\n\n\n<p>Si bien cuestion\u00f3 la estrategia\nimplementada por las autoridades federales en materia de seguridad para detener\na Ovidio Guzm\u00e1n, destac\u00f3 la intenci\u00f3n del gobierno de ir por los l\u00edderes del\nnarco, situaci\u00f3n que dijo no hab\u00eda sucedido en otros momentos, en donde parec\u00eda\nreinar la complicidad y la impunidad en el tema.<\/p>\n\n\n\n<p>A la par que invit\u00f3 a la ciudadan\u00eda a\ndebatir m\u00e1s a profundidad el tema, sin caer en la polarizaci\u00f3n en la redes\nsociales, donde a trav\u00e9s de memes y publicaciones hechas por boots con\nintereses espec\u00edficos, se pretende deslegitimar una administraci\u00f3n que se\nenfrenta a un monstruo heredado al que debe combatir todo el pa\u00eds.<\/p>\n","protected":false},"excerpt":{"rendered":"<p>Evlin Arag\u00f3n\/Zona Roja. Santa Luc\u00eda del Camino, Oax., 19 de octubre de 2019.- En el&hellip;<\/p>\n","protected":false},"author":2,"featured_media":4965,"comment_status":"closed","ping_status":"open","sticky":false,"template":"","format":"standard","meta":{"_lmt_disableupdate":"","_lmt_disable":"","_jetpack_memberships_contains_paid_content":false,"footnotes":""},"categories":[109,46],"tags":[888,850],"class_list":["post-4964","post","type-post","status-publish","format-standard","has-post-thumbnail","hentry","category-minuto-a-minuto","category-zona-blanca","tag-carmen-aristegui","tag-feria-internacional-del-libro-oaxaca-filo"],"jetpack_featured_media_url":"https:\/\/zonaroja.com.mx\/wp-content\/uploads\/2019\/10\/Carmen-Aristegui.jpg","jetpack_sharing_enabled":true,"_links":{"self":[{"href":"https:\/\/zonaroja.com.mx\/index.php?rest_route=\/wp\/v2\/posts\/4964","targetHints":{"allow":["GET"]}}],"collection":[{"href":"https:\/\/zonaroja.com.mx\/index.php?rest_route=\/wp\/v2\/posts"}],"about":[{"href":"https:\/\/zonaroja.com.mx\/index.php?rest_route=\/wp\/v2\/types\/post"}],"author":[{"embeddable":true,"href":"https:\/\/zonaroja.com.mx\/index.php?rest_route=\/wp\/v2\/users\/2"}],"replies":[{"embeddable":true,"href":"https:\/\/zonaroja.com.mx\/index.php?rest_route=%2Fwp%2Fv2%2Fcomments&post=4964"}],"version-history":[{"count":1,"href":"https:\/\/zonaroja.com.mx\/index.php?rest_route=\/wp\/v2\/posts\/4964\/revisions"}],"predecessor-version":[{"id":4966,"href":"https:\/\/zonaroja.com.mx\/index.php?rest_route=\/wp\/v2\/posts\/4964\/revisions\/4966"}],"wp:featuredmedia":[{"embeddable":true,"href":"https:\/\/zonaroja.com.mx\/index.php?rest_route=\/wp\/v2\/media\/4965"}],"wp:attachment":[{"href":"https:\/\/zonaroja.com.mx\/index.php?rest_route=%2Fwp%2Fv2%2Fmedia&parent=4964"}],"wp:term":[{"taxonomy":"category","embeddable":true,"href":"https:\/\/zonaroja.com.mx\/index.php?rest_route=%2Fwp%2Fv2%2Fcategories&post=4964"},{"taxonomy":"post_tag","embeddable":true,"href":"https:\/\/zonaroja.com.mx\/index.php?rest_route=%2Fwp%2Fv2%2Ftags&post=4964"}],"curies":[{"name":"wp","href":"https:\/\/api.w.org\/{rel}","templated":true}]}}