{"id":49641,"date":"2022-12-24T10:20:00","date_gmt":"2022-12-24T16:20:00","guid":{"rendered":"http:\/\/www.zonaroja.com.mx\/?p=49641"},"modified":"2022-12-24T07:21:00","modified_gmt":"2022-12-24T13:21:00","slug":"desarrolla-poder-judicial-proyecto-pluralismo-juridico-y-acceso-a-la-justicia","status":"publish","type":"post","link":"https:\/\/zonaroja.com.mx\/?p=49641","title":{"rendered":"Desarrolla Poder Judicial proyecto \u201cPluralismo Jur\u00eddico y Acceso a la Justicia\u201d"},"content":{"rendered":"\n<p>Redacci\u00f3n\/Zona Roja.<\/p>\n\n\n\n<p>Oaxaca de Ju\u00e1rez, Oax., a 24 de diciembre de 2022.- En coordinaci\u00f3n con el Instituto Nacional de los Pueblos Ind\u00edgenas (INPI) y&nbsp;organizaciones&nbsp;de la sociedad civil, el Poder Judicial del Estado&nbsp;de Oaxaca&nbsp;desarrolla el proyecto&nbsp;denominado \u201cPluralismo jur\u00eddico y acceso a la justicia\u201d, que actualmente se encuentra en ejecuci\u00f3n a trav\u00e9s de tres acciones principales, como parte de las estrategias para&nbsp;continuar con el fortalecimiento delconocimiento de los derechos ind\u00edgenas.&nbsp;<\/p>\n\n\n\n<p>De esta forma, se trabaja en la creaci\u00f3n del Centro de Informaci\u00f3n de Justicia Ind\u00edgena&nbsp;(CIJI), plataforma \u00fanica en su tipo, que permite conocer la realidad&nbsp;en este tema en la entidad; en la socializaci\u00f3n del \u201cProtocolo para la armonizaci\u00f3n y coordinaci\u00f3n entre las jurisdicciones estatal e ind\u00edgena-afromexicana\u201d,&nbsp;en las regiones de&nbsp;Valles Centrales, Mixteca, Cuenca y Costa&nbsp;y en la&nbsp;realizaci\u00f3n de mesas t\u00e9cnicas sobre pluralismo jur\u00eddico y acceso a la justicia para establecer un an\u00e1lisis y di\u00e1logo entre el&nbsp;Poder Judicial federal y el Poder Judicial del Estado.<\/p>\n\n\n\n<p>Dentro del eje \u201cHumanizaci\u00f3n de la justicia\u201d,&nbsp;del Informe de Actividades 2022 del magistrado presidente Eduardo Pinacho S\u00e1nchez, se&nbsp;da cuenta de las&nbsp;acciones encaminadas a promover mejores pr\u00e1cticas de acceso a una justicia&nbsp;incluyente, efectiva, igualitaria y con sensibilidad humana,&nbsp;entre ellas,&nbsp;la capacitaci\u00f3n&nbsp;en aspectos como la perspectiva de g\u00e9nero, los sistemas de justicia ind\u00edgenas, los derechos de ni\u00f1as, ni\u00f1os y adolescentes y de personas con discapacidad.<\/p>\n\n\n\n<p>En las&nbsp;actividades&nbsp;realizadas en el a\u00f1o que est\u00e1 por concluir,destacan&nbsp;los&nbsp;cursos \u201cTortura y otros tratos o penas crueles, inhumanos o degradantes\u201d y \u201cEl acceso a la justicia desde un enfoque de&nbsp;interseccionalidad\u201d, con la plataforma educativa de&nbsp;Asistencia Legal por los Derechos Humanos (AsiLegal) y el seminario \u201cAcompa\u00f1amiento y atenci\u00f3n a ni\u00f1as, ni\u00f1os y adolescentes en procesos de justicia\u201d, en coordinaci\u00f3n con la&nbsp;Universidad Aut\u00f3noma \u201cBenito Ju\u00e1rez\u201d de Oaxaca&nbsp;(UABJO).&nbsp;<\/p>\n\n\n\n<p>De igual forma, se present\u00f3 el video documental y libro \u201cJurisdicci\u00f3n ind\u00edgena, entre la&nbsp;Asamblea y la Corte: caso&nbsp;San Crist\u00f3bal&nbsp;Suchixtlahuaca\u201d y se llevaron a cabo tres diplomados de impacto nacional: \u00abDerechos de las ni\u00f1as,&nbsp;ni\u00f1os y adolescentes en el \u00e1mbito jurisdiccional\u201d;&nbsp;\u201cTrata de personas: pol\u00edtica p\u00fablica, g\u00e9nero y derechos humanos\u201d y&nbsp;\u201cPrevenci\u00f3n, documentaci\u00f3n y combate de la tortura y otros tratos crueles, inhumanos o degradantes\u201d.<\/p>\n\n\n\n<p>Asimismo, a trav\u00e9s de&nbsp;la&nbsp;Direcci\u00f3n de&nbsp;Derechos Humanos&nbsp;se atendieron&nbsp;120 quejas, 93 colaboraciones, 15 propuestas de conciliaci\u00f3n y&nbsp;se dio seguimiento a dos&nbsp;recomendaciones emitidas por la&nbsp;Defensor\u00eda de los Derechos Humanos del Pueblo de Oaxaca.<\/p>\n","protected":false},"excerpt":{"rendered":"<p>Redacci\u00f3n\/Zona Roja. Oaxaca de Ju\u00e1rez, Oax., a 24 de diciembre de 2022.- En coordinaci\u00f3n con&hellip;<\/p>\n","protected":false},"author":2,"featured_media":49638,"comment_status":"closed","ping_status":"open","sticky":false,"template":"","format":"standard","meta":{"_lmt_disableupdate":"","_lmt_disable":"","_jetpack_memberships_contains_paid_content":false,"footnotes":""},"categories":[109,46],"tags":[223],"class_list":["post-49641","post","type-post","status-publish","format-standard","has-post-thumbnail","hentry","category-minuto-a-minuto","category-zona-blanca","tag-poder-judicial-de-oaxaca"],"jetpack_featured_media_url":"https:\/\/zonaroja.com.mx\/wp-content\/uploads\/2022\/12\/Poder-Judicial-mesa-de-analisis.jpg","jetpack_sharing_enabled":true,"_links":{"self":[{"href":"https:\/\/zonaroja.com.mx\/index.php?rest_route=\/wp\/v2\/posts\/49641","targetHints":{"allow":["GET"]}}],"collection":[{"href":"https:\/\/zonaroja.com.mx\/index.php?rest_route=\/wp\/v2\/posts"}],"about":[{"href":"https:\/\/zonaroja.com.mx\/index.php?rest_route=\/wp\/v2\/types\/post"}],"author":[{"embeddable":true,"href":"https:\/\/zonaroja.com.mx\/index.php?rest_route=\/wp\/v2\/users\/2"}],"replies":[{"embeddable":true,"href":"https:\/\/zonaroja.com.mx\/index.php?rest_route=%2Fwp%2Fv2%2Fcomments&post=49641"}],"version-history":[{"count":1,"href":"https:\/\/zonaroja.com.mx\/index.php?rest_route=\/wp\/v2\/posts\/49641\/revisions"}],"predecessor-version":[{"id":49642,"href":"https:\/\/zonaroja.com.mx\/index.php?rest_route=\/wp\/v2\/posts\/49641\/revisions\/49642"}],"wp:featuredmedia":[{"embeddable":true,"href":"https:\/\/zonaroja.com.mx\/index.php?rest_route=\/wp\/v2\/media\/49638"}],"wp:attachment":[{"href":"https:\/\/zonaroja.com.mx\/index.php?rest_route=%2Fwp%2Fv2%2Fmedia&parent=49641"}],"wp:term":[{"taxonomy":"category","embeddable":true,"href":"https:\/\/zonaroja.com.mx\/index.php?rest_route=%2Fwp%2Fv2%2Fcategories&post=49641"},{"taxonomy":"post_tag","embeddable":true,"href":"https:\/\/zonaroja.com.mx\/index.php?rest_route=%2Fwp%2Fv2%2Ftags&post=49641"}],"curies":[{"name":"wp","href":"https:\/\/api.w.org\/{rel}","templated":true}]}}