{"id":49643,"date":"2022-12-24T08:30:00","date_gmt":"2022-12-24T14:30:00","guid":{"rendered":"http:\/\/www.zonaroja.com.mx\/?p=49643"},"modified":"2022-12-24T07:38:33","modified_gmt":"2022-12-24T13:38:33","slug":"detencion-de-integrante-de-uacol-desata-otra-protesta-vs-gobierno","status":"publish","type":"post","link":"https:\/\/zonaroja.com.mx\/?p=49643","title":{"rendered":"Detenci\u00f3n de integrante de UACOL desata otra protesta vs. gobierno"},"content":{"rendered":"\n<p>Redacci\u00f3n\/Zona Roja.<\/p>\n\n\n\n<p>Oaxaca de Ju\u00e1rez, Oax., a 24 de diciembre de 2022.- La detenci\u00f3n de un integrante de la organizaci\u00f3n UACOL en la capital de Oaxaca desat\u00f3 de nuevo recriminaciones a los gobiernos morenistas de la capital y del estado, y tras presiones fue liberado.<\/p>\n\n\n\n<p>De acuerdo con la Uni\u00f3n de Artesanos y Comerciantes Oaxaque\u00f1os en Lucha, anoche, en inmediaciones del jard\u00edn Antonia Labastida de la ciudad, fue detenido Daniel Bautista, miembro de la direcci\u00f3n pol\u00edtica, por parte de polic\u00edas municipales y elementos de la Agencia Estatal de Investigaciones.<\/p>\n\n\n\n<p>\u201cEsta acci\u00f3n ten\u00eda la clara intenci\u00f3n de provocar a los contingentes de nuestra organizaci\u00f3n y con ello desestabilizar el evento de \u2018Noche de R\u00e1banos\u2019.<\/p>\n\n\n\n<p>\u201cHacemos responsable al secretario de Seguridad Municipal (Ra\u00fal \u00c1vila Ibarra) de estos hechos, en donde tambi\u00e9n resultaron lesionados los compa\u00f1eros Calet Jos\u00e9 y Miriam Gonz\u00e1lez.&nbsp;<\/p>\n\n\n\n<p>\u201cLa r\u00e1pida acci\u00f3n de solidaridad de las organizaciones fraternas y la movilizaci\u00f3n callejera, lograron la intervenci\u00f3n del secretario de Gobierno, Lic. Jes\u00fas Romero, apoyando en el di\u00e1logo que llev\u00f3 a la liberaci\u00f3n de nuestro compa\u00f1ero Daniel\u201d, expuso en un comunicado.&nbsp;<\/p>\n\n\n\n<p>Luego de la detenci\u00f3n, varios integrantes de organizaciones sociales llegaron a la sede de la comisar\u00eda municipal, en la avenida Morelos, junto al palacio municipal, para presionar por la liberaci\u00f3n.<\/p>\n\n\n\n<p>\u201cSomos enf\u00e1ticos, esta acci\u00f3n, es responsabilidad del secretario de Seguridad Municipal, Ra\u00fal \u00c1vila y no quedar\u00e1 sin respuesta de movilizaci\u00f3n callejera\u201d, remarcaron.<\/p>\n\n\n\n<p>Por su parte, el Frente Popular Revolucionario (FPR) difundi\u00f3 en redes sociales:<\/p>\n\n\n\n<p>\u201cEn 23 d\u00edas, el gobierno de Salom\u00f3n (Jara) ha detenido a 2 compas del movimiento de manera irregular y un asesinato. Ratificamos: \u00a1Gobierne quien gobierne, los derechos se defienden!\u201d.<\/p>\n","protected":false},"excerpt":{"rendered":"<p>Redacci\u00f3n\/Zona Roja. Oaxaca de Ju\u00e1rez, Oax., a 24 de diciembre de 2022.- La detenci\u00f3n de&hellip;<\/p>\n","protected":false},"author":2,"featured_media":49644,"comment_status":"closed","ping_status":"open","sticky":false,"template":"","format":"standard","meta":{"_lmt_disableupdate":"","_lmt_disable":"","_jetpack_memberships_contains_paid_content":false,"footnotes":""},"categories":[109,47],"tags":[3362],"class_list":["post-49643","post","type-post","status-publish","format-standard","has-post-thumbnail","hentry","category-minuto-a-minuto","category-zona-gris","tag-union-de-artesanos-y-comerciantes-oaxaquenos-uacol"],"jetpack_featured_media_url":"https:\/\/zonaroja.com.mx\/wp-content\/uploads\/2022\/12\/Detenido-UACOL.jpg","jetpack_sharing_enabled":true,"_links":{"self":[{"href":"https:\/\/zonaroja.com.mx\/index.php?rest_route=\/wp\/v2\/posts\/49643","targetHints":{"allow":["GET"]}}],"collection":[{"href":"https:\/\/zonaroja.com.mx\/index.php?rest_route=\/wp\/v2\/posts"}],"about":[{"href":"https:\/\/zonaroja.com.mx\/index.php?rest_route=\/wp\/v2\/types\/post"}],"author":[{"embeddable":true,"href":"https:\/\/zonaroja.com.mx\/index.php?rest_route=\/wp\/v2\/users\/2"}],"replies":[{"embeddable":true,"href":"https:\/\/zonaroja.com.mx\/index.php?rest_route=%2Fwp%2Fv2%2Fcomments&post=49643"}],"version-history":[{"count":1,"href":"https:\/\/zonaroja.com.mx\/index.php?rest_route=\/wp\/v2\/posts\/49643\/revisions"}],"predecessor-version":[{"id":49645,"href":"https:\/\/zonaroja.com.mx\/index.php?rest_route=\/wp\/v2\/posts\/49643\/revisions\/49645"}],"wp:featuredmedia":[{"embeddable":true,"href":"https:\/\/zonaroja.com.mx\/index.php?rest_route=\/wp\/v2\/media\/49644"}],"wp:attachment":[{"href":"https:\/\/zonaroja.com.mx\/index.php?rest_route=%2Fwp%2Fv2%2Fmedia&parent=49643"}],"wp:term":[{"taxonomy":"category","embeddable":true,"href":"https:\/\/zonaroja.com.mx\/index.php?rest_route=%2Fwp%2Fv2%2Fcategories&post=49643"},{"taxonomy":"post_tag","embeddable":true,"href":"https:\/\/zonaroja.com.mx\/index.php?rest_route=%2Fwp%2Fv2%2Ftags&post=49643"}],"curies":[{"name":"wp","href":"https:\/\/api.w.org\/{rel}","templated":true}]}}