{"id":49646,"date":"2022-12-24T07:49:00","date_gmt":"2022-12-24T13:49:00","guid":{"rendered":"http:\/\/www.zonaroja.com.mx\/?p=49646"},"modified":"2022-12-24T07:49:01","modified_gmt":"2022-12-24T13:49:01","slug":"premian-a-ganadores-del-concurso-de-la-noche-de-rabanos","status":"publish","type":"post","link":"https:\/\/zonaroja.com.mx\/?p=49646","title":{"rendered":"Premian a ganadores del concurso de la Noche de R\u00e1banos"},"content":{"rendered":"\n<p>Redacci\u00f3n\/Zona Roja.<\/p>\n\n\n\n<p>Oaxaca de Ju\u00e1rez, Oax., a 24 de diciembre de 2022.- Sin protestas, con la asistencia de miles de visitantes y ambiente de fiesta, culmin\u00f3 anoche la tradicional Noche de R\u00e1banos, festividad oaxaque\u00f1a que cumpli\u00f3 125 a\u00f1os y que se reanud\u00f3 tras dos a\u00f1os de pandemia por Covid-19.<\/p>\n\n\n\n<p>En el Palacio de Gobierno, en la capital, se efectu\u00f3 la premiaci\u00f3n a los ganadores, en la categor\u00eda tradicional de r\u00e1banos, el primer lugar lo obtuvo Karla Edith L\u00f3pez V\u00e1squez, con el tema \u201cVerbena Oaxaque\u00f1a\u201d; el segundo lugar fue para Seraf\u00edn Florencio Mu\u00f1oz, con su obra \u201cAs\u00ed se celebra el tradicional concierto dominical con la Banda del Estado, en el quiosco del z\u00f3calo de Oaxaca\u201d; y el tercer puesto fue para \u00c1ngel Dami\u00e1n L\u00f3pez Romero, con el tema \u201cNuestras ra\u00edces (el \u00e1rbol de la vida)\u201d.<\/p>\n\n\n\n<p>Los ganadores de la categor\u00eda Libre de R\u00e1banos fueron para: Omar D\u00edaz Ventura, quien obtuvo el primer lugar con su obra \u201cEl \u00faltimo ciervo blanco y el s\u00facubo\u201d; el segundo lugar fue para Oliver Mijangos Amador, con \u201cEl guardi\u00e1n del bosque (El gran fauno); y el tercer lugar lo ocup\u00f3 Jes\u00fas Alejandro Navarro Garc\u00eda, con el tema \u201cEl Ajolote\u201d.<\/p>\n\n\n\n<p>En la modalidad de Flor Inmortal categor\u00eda \u00fanica, Alfonso Carlos Canseco P\u00e9rez, obtuvo el primer lugar con \u201cLa m\u00e1quina que fortaleci\u00f3 el telar de Huaxyacac\u201d; mientras que el segundo sitio fue para Francisca Lidia S\u00e1nchez Mateos, con su obra \u201cVeneraci\u00f3n a las 3 v\u00edrgenes: Juquila, Soledad y Guadalupe; en tanto Monserrat Maricela Raymundo S\u00e1nchez, fue galardonada con el tercer lugar con el tema \u201cM\u00e1scaras y Danza de los Rubios de Santiago Juxtlahuaca, Oaxaca\u201d.<\/p>\n\n\n\n<p>Mientras que en la modalidad de Totomoxtle categor\u00eda Natural, la obra \u201cSemana Santa en Oaxaca, pasi\u00f3n y crucifixi\u00f3n de Jes\u00fas\u201d de Valent\u00edn Contreras Gonz\u00e1lez, obtuvo el primer lugar; seguido de \u201cEvoluci\u00f3n de nuestra cultura oaxaque\u00f1a\u201d de Esmeralda Ch\u00e1vez Miguel; y el tercer lugar fue para \u201cNacimiento de nuestro Salvador\u201d de Mar\u00eda Margarita Leonor P\u00e9rez Rodr\u00edguez.<\/p>\n\n\n\n<p>La premiaci\u00f3n de la modalidad de Totomoxtle categor\u00eda Decorado, estuvo encabezada por Marco Antonio Ruiz Sosa, con su obra \u201cDetr\u00e1s de una m\u00e1scara\u201d; el segundo lugar fue para Mar\u00eda Eugenia Sosa Hern\u00e1ndez con \u201cLa maroma de la Mixteca oaxaque\u00f1a\u201d; y el tercer sitio lo ocup\u00f3 Jorge Alberto L\u00f3pez Degollado con \u201cLagrimas de Mar\u00eda ante su hijo en la cruz\u201d.<\/p>\n\n\n\n<p>Ni\u00f1as y ni\u00f1os oaxaque\u00f1os tambi\u00e9n participaron en esta tradici\u00f3n, por lo que en la modalidad de R\u00e1banos categor\u00eda Infantil \u201cA\u201d, Maravillosa Victoria Espinoza Mart\u00ednez fue la ganadora del primer lugar con su creaci\u00f3n \u201cEl Alebrije oaxaque\u00f1o\u201d; mientras que Lucciana P\u00e9rez Dom\u00ednguez obtuvo el segundo con \u201cDragones en Familia\u201d; y Axel Yah\u00edr Raymundo Hern\u00e1ndez present\u00f3 \u201cLas tres carabelas, acredit\u00e1ndose el tercer lugar.<\/p>\n\n\n\n<p>En la modalidad de R\u00e1banos categor\u00eda Infantil \u201cB\u201d, \u201cTiliche Guelaguetza\u201d de Angelica D\u00e1nae L\u00f3pez Cruz, obtuvo el primer lugar; \u201cLa serpiente emplumada\u201d de Rosa Letitzia Sol\u00eds Cantera, el segundo; y el tercero corri\u00f3 a cargo de Sof\u00eda Ileana Luria L\u00f3pez con \u201cLa Virgen de Juquila\u201d.<\/p>\n\n\n\n<p>La premiaci\u00f3n fue encabezada por el gobernador Salom\u00f3n Jara Cruz y el presidente municipal de Oaxaca de Ju\u00e1rez, Francisco Mart\u00ednez Neri, quienes previamente recorrieron la muestra, en que participaron m\u00e1s de 100 artesanos.<\/p>\n","protected":false},"excerpt":{"rendered":"<p>Redacci\u00f3n\/Zona Roja. Oaxaca de Ju\u00e1rez, Oax., a 24 de diciembre de 2022.- Sin protestas, con&hellip;<\/p>\n","protected":false},"author":2,"featured_media":49632,"comment_status":"closed","ping_status":"open","sticky":false,"template":"","format":"standard","meta":{"_lmt_disableupdate":"","_lmt_disable":"","_jetpack_memberships_contains_paid_content":false,"footnotes":""},"categories":[109,46],"tags":[2977],"class_list":["post-49646","post","type-post","status-publish","format-standard","has-post-thumbnail","hentry","category-minuto-a-minuto","category-zona-blanca","tag-noche-de-rabanos-oaxaca"],"jetpack_featured_media_url":"https:\/\/zonaroja.com.mx\/wp-content\/uploads\/2022\/12\/Premiacion-ninos-rabanos.jpeg","jetpack_sharing_enabled":true,"_links":{"self":[{"href":"https:\/\/zonaroja.com.mx\/index.php?rest_route=\/wp\/v2\/posts\/49646","targetHints":{"allow":["GET"]}}],"collection":[{"href":"https:\/\/zonaroja.com.mx\/index.php?rest_route=\/wp\/v2\/posts"}],"about":[{"href":"https:\/\/zonaroja.com.mx\/index.php?rest_route=\/wp\/v2\/types\/post"}],"author":[{"embeddable":true,"href":"https:\/\/zonaroja.com.mx\/index.php?rest_route=\/wp\/v2\/users\/2"}],"replies":[{"embeddable":true,"href":"https:\/\/zonaroja.com.mx\/index.php?rest_route=%2Fwp%2Fv2%2Fcomments&post=49646"}],"version-history":[{"count":1,"href":"https:\/\/zonaroja.com.mx\/index.php?rest_route=\/wp\/v2\/posts\/49646\/revisions"}],"predecessor-version":[{"id":49647,"href":"https:\/\/zonaroja.com.mx\/index.php?rest_route=\/wp\/v2\/posts\/49646\/revisions\/49647"}],"wp:featuredmedia":[{"embeddable":true,"href":"https:\/\/zonaroja.com.mx\/index.php?rest_route=\/wp\/v2\/media\/49632"}],"wp:attachment":[{"href":"https:\/\/zonaroja.com.mx\/index.php?rest_route=%2Fwp%2Fv2%2Fmedia&parent=49646"}],"wp:term":[{"taxonomy":"category","embeddable":true,"href":"https:\/\/zonaroja.com.mx\/index.php?rest_route=%2Fwp%2Fv2%2Fcategories&post=49646"},{"taxonomy":"post_tag","embeddable":true,"href":"https:\/\/zonaroja.com.mx\/index.php?rest_route=%2Fwp%2Fv2%2Ftags&post=49646"}],"curies":[{"name":"wp","href":"https:\/\/api.w.org\/{rel}","templated":true}]}}