{"id":49650,"date":"2022-12-24T11:54:00","date_gmt":"2022-12-24T17:54:00","guid":{"rendered":"http:\/\/www.zonaroja.com.mx\/?p=49650"},"modified":"2022-12-24T07:57:53","modified_gmt":"2022-12-24T13:57:53","slug":"dan-mas-de-100-anos-de-prision-a-dos-secuestradores-en-oaxaca","status":"publish","type":"post","link":"https:\/\/zonaroja.com.mx\/?p=49650","title":{"rendered":"Dan m\u00e1s de 100 a\u00f1os de prisi\u00f3n a dos secuestradores en Oaxaca"},"content":{"rendered":"\n<p>Redacci\u00f3n\/Zona Roja.&nbsp;<\/p>\n\n\n\n<p>Oaxaca de Ju\u00e1rez, Oax., a 24 de diciembre de 2022.- La Fiscal\u00eda General del Estado de Oaxaca (FGEO) obtuvo dos sentencia, ambas rebasan los 100 a\u00f1os de prisi\u00f3n, contra dos personas (una de ellas mujeres) responsables en la comisi\u00f3n de secuestro agravado as\u00ed como de otros delitos, cometidos en la colonia Ol\u00edmpica, en el norte de la capital de Oaxaca.<\/p>\n\n\n\n<p>Derivado de las investigaciones y pruebas aportadas por la FGEO a trav\u00e9s de la Fiscal\u00eda Especializada para la Atenci\u00f3n a Delitos de Alto Impacto, se logr\u00f3 que el Juez que atiende el caso dictara sentencia condenatoria en contra de M. A. G. R. (mujer) por su responsabilidad en la comisi\u00f3n del delito de secuestro agravado, robo calificado con violencia y robo de uso, que en total suman m\u00e1s de 160 a\u00f1os en prisi\u00f3n.<\/p>\n\n\n\n<p>Adem\u00e1s que tambi\u00e9n se logr\u00f3 la sentencia de 110 a\u00f1os de prisi\u00f3n contra O. C. M. (hombre), por su responsabilidad en la comisi\u00f3n de los delitos de secuestro agravado, robo calificado con violencia y robo de uso.<\/p>\n\n\n\n<p>De acuerdo con las averiguaciones previas 833(SADAI)\/2011, 832(SADAI) 2011, 1744 (H.C.)2011 y 830(SADAI)2011, los hechos ocurrieron la noche del 24 de noviembre de 2011, en un domicilio ubicado en la colonia Ol\u00edmpica de la ciudad de Oaxaca de Ju\u00e1rez, a donde ingresaron los dos sentenciados en compa\u00f1\u00eda de otras personas.<\/p>\n\n\n\n<p>En el lugar secuestraron a la v\u00edctima identificada por las iniciales E. A. C. por quien solicitaron dinero para su liberaci\u00f3n, pero posteriormente lo encontraron sin vida dentro de la cajuela de un autom\u00f3vil. Mismos hechos en los que los responsables cometieron diversos delitos.<\/p>\n\n\n\n<p>El acceso pleno a la justicia para las v\u00edctimas directas e indirectas es una labor con la que est\u00e1 comprometida la Fiscal\u00eda de Oaxaca.<\/p>\n","protected":false},"excerpt":{"rendered":"<p>Redacci\u00f3n\/Zona Roja.&nbsp; Oaxaca de Ju\u00e1rez, Oax., a 24 de diciembre de 2022.- La Fiscal\u00eda General&hellip;<\/p>\n","protected":false},"author":2,"featured_media":40300,"comment_status":"closed","ping_status":"open","sticky":false,"template":"","format":"standard","meta":{"_lmt_disableupdate":"","_lmt_disable":"","_jetpack_memberships_contains_paid_content":false,"footnotes":""},"categories":[109,47],"tags":[494],"class_list":["post-49650","post","type-post","status-publish","format-standard","has-post-thumbnail","hentry","category-minuto-a-minuto","category-zona-gris","tag-fiscalia-general-del-estado-de-oaxaca"],"jetpack_featured_media_url":"https:\/\/zonaroja.com.mx\/wp-content\/uploads\/2022\/04\/secuestro-secuestrada-plagio.jpg","jetpack_sharing_enabled":true,"_links":{"self":[{"href":"https:\/\/zonaroja.com.mx\/index.php?rest_route=\/wp\/v2\/posts\/49650","targetHints":{"allow":["GET"]}}],"collection":[{"href":"https:\/\/zonaroja.com.mx\/index.php?rest_route=\/wp\/v2\/posts"}],"about":[{"href":"https:\/\/zonaroja.com.mx\/index.php?rest_route=\/wp\/v2\/types\/post"}],"author":[{"embeddable":true,"href":"https:\/\/zonaroja.com.mx\/index.php?rest_route=\/wp\/v2\/users\/2"}],"replies":[{"embeddable":true,"href":"https:\/\/zonaroja.com.mx\/index.php?rest_route=%2Fwp%2Fv2%2Fcomments&post=49650"}],"version-history":[{"count":1,"href":"https:\/\/zonaroja.com.mx\/index.php?rest_route=\/wp\/v2\/posts\/49650\/revisions"}],"predecessor-version":[{"id":49651,"href":"https:\/\/zonaroja.com.mx\/index.php?rest_route=\/wp\/v2\/posts\/49650\/revisions\/49651"}],"wp:featuredmedia":[{"embeddable":true,"href":"https:\/\/zonaroja.com.mx\/index.php?rest_route=\/wp\/v2\/media\/40300"}],"wp:attachment":[{"href":"https:\/\/zonaroja.com.mx\/index.php?rest_route=%2Fwp%2Fv2%2Fmedia&parent=49650"}],"wp:term":[{"taxonomy":"category","embeddable":true,"href":"https:\/\/zonaroja.com.mx\/index.php?rest_route=%2Fwp%2Fv2%2Fcategories&post=49650"},{"taxonomy":"post_tag","embeddable":true,"href":"https:\/\/zonaroja.com.mx\/index.php?rest_route=%2Fwp%2Fv2%2Ftags&post=49650"}],"curies":[{"name":"wp","href":"https:\/\/api.w.org\/{rel}","templated":true}]}}