{"id":49652,"date":"2022-12-24T17:58:00","date_gmt":"2022-12-24T23:58:00","guid":{"rendered":"http:\/\/www.zonaroja.com.mx\/?p=49652"},"modified":"2022-12-24T17:26:58","modified_gmt":"2022-12-24T23:26:58","slug":"pend-12","status":"publish","type":"post","link":"https:\/\/zonaroja.com.mx\/?p=49652","title":{"rendered":"Logran libertad uno de los siete presos ind\u00edgenas de Eloxochitl\u00e1n"},"content":{"rendered":"\n<p>Redacci\u00f3n\/Informativo 570.<\/p>\n\n\n\n<p>Oaxaca de Ju\u00e1rez, Oax., a 24 de diciembre de 2022.- En v\u00edspera de Navidad, uno de los integrantes de la Asamblea Popular de Eloxochitl\u00e1n, que se encontraba privado de su libertad desde hace ocho a\u00f1os y sin sentencia, en el Centro de Reinserci\u00f3n Social Varonil, en Tanivet, Tlacolula, fue liberado.&nbsp;<\/p>\n\n\n\n<p>Se espera que seis ind\u00edgenas m\u00e1s, involucrados en el mismo caso, tambi\u00e9n alcancen su libertad en los pr\u00f3ximos d\u00edas.<\/p>\n\n\n\n<p>Tras una lucha intensa de familiares y organizaciones civiles, conformada &nbsp;para probar la inocencia de los ind\u00edgenas mazatecos, ayer Omar Hugo M. A., sali\u00f3 el penal donde permanec\u00eda desde el 2014 junto con seis habitantes m\u00e1s.<\/p>\n\n\n\n<p>Los acusados son de Eloxochitl\u00e1n de Flores Mag\u00f3n y est\u00e1 incriminados por homicidio en grado de tentativa por la ex legisladora morenista, Elisa Zepeda Lagunas, hoy funcionaria del Gobierno del Estado de Oaxaca.<\/p>\n\n\n\n<p>Los hechos por los que fueron incriminados, sucedieron en Eloxochitl\u00e1n el 14 de diciembre de 2014, cuando Manuel Zepeda, cacique de la regi\u00f3n y padre de Elisa Zepeda, atac\u00f3 una asamblea comunitaria, lo que termin\u00f3 en un ri\u00f1a, dejando seis heridos de bala y donde la ex diputada y su madre fueron golpeadas, su hermano y uno de los atacantes armados resultaron muertos.<\/p>\n\n\n\n<p>De ah\u00ed, el ataque contra los ind\u00edgenas de la zona fue implacable, ya que Zepeda Lagunas, cobijada por su partido Morena y por posiciones que manten\u00eda en la pol\u00edtica de estado, manipularon la ley para que los ind\u00edgenas a quienes ellos se\u00f1alaron como culpables de la muerte de sus familiares, fueran encerrados, torturados y hacinados en tres diferentes c\u00e1rceles estatales.&nbsp;<\/p>\n\n\n\n<p>Hoy, ocupa el cargo de titular de la Secretar\u00eda de la Mujer en la administraci\u00f3n de Salom\u00f3n Jara Cruz.<\/p>\n\n\n\n<p>Luego de su detenci\u00f3n y para defender la inocencia de Jaime Betanzos, Fernando Gavito, Alfredo Bola\u00f1os, Omar Morales, Herminio Monfil, Isa\u00edas Gallardo y Francisco Dur\u00e1n, se integr\u00f3 la organizaci\u00f3n Mujeres Mazatecas por la Libertad de los Presos Pol\u00edticos de Eloxochitl\u00e1n, quienes emprendieron una lucha sin tregua, incluso, permanecieron muchos meses en plant\u00f3n, a las afueras del Consejo de la Judicatura Federal en la Ciudad de M\u00e9xico para ser escuchadas.<\/p>\n\n\n\n<p>Argelia Betanzos, hija del profesor Jaime Betanzos, uno de los siete ind\u00edgenas presos, se\u00f1al\u00f3 en su momento que Morena cobij\u00f3 a la ex presidenta de la Comisi\u00f3n Permanente de Administraci\u00f3n y Procuraci\u00f3n de Justicia de la 64 Legislatura de Oaxaca, Elisa Zepeda, sin conocer las inconsistencias de sus declaraciones por las que las 34 personas que ella ha imputado, sin embargo, han obtenido 13 amparos y 25 sentencias de libertad.&nbsp;<\/p>\n\n\n\n<p>Puntualiz\u00f3 que todas las acusaciones vertidas as\u00ed como los expedientes de cada uno de los involucrados, han enfrentado \u201cdilaciones sistem\u00e1ticas dolosas por parte de los propios juzgados, la Fiscal\u00eda General del Estado de Oaxaca (FGEO) y los cuerpos de seguridad\u201d.&nbsp;<\/p>\n\n\n\n<p>La liberaci\u00f3n de Omar Hugo se da tras ocho a\u00f1os de haber sido detenido y luego de ser aceptados en el programa \u201cPor una justicia m\u00e1s cercana a las personas ind\u00edgenas\u201d, que permite que Instituto Federal de la Defensor\u00eda P\u00fablica tome la representaci\u00f3n legal de casos en los que hay evidencia de que los acusados han sido v\u00edctimas de procesos indebidos, fabricaci\u00f3n de delitos y otras violaciones a sus derechos.<\/p>\n","protected":false},"excerpt":{"rendered":"<p>Redacci\u00f3n\/Informativo 570. Oaxaca de Ju\u00e1rez, Oax., a 24 de diciembre de 2022.- En v\u00edspera de&hellip;<\/p>\n","protected":false},"author":2,"featured_media":24924,"comment_status":"closed","ping_status":"open","sticky":false,"template":"","format":"standard","meta":{"_lmt_disableupdate":"","_lmt_disable":"","_jetpack_memberships_contains_paid_content":false,"footnotes":""},"categories":[109,47],"tags":[719],"class_list":["post-49652","post","type-post","status-publish","format-standard","has-post-thumbnail","hentry","category-minuto-a-minuto","category-zona-gris","tag-eloxochitlan-de-flores-magon"],"jetpack_featured_media_url":"https:\/\/zonaroja.com.mx\/wp-content\/uploads\/2021\/03\/Conferencia-caso-Eloxochitlan.jpg","jetpack_sharing_enabled":true,"_links":{"self":[{"href":"https:\/\/zonaroja.com.mx\/index.php?rest_route=\/wp\/v2\/posts\/49652","targetHints":{"allow":["GET"]}}],"collection":[{"href":"https:\/\/zonaroja.com.mx\/index.php?rest_route=\/wp\/v2\/posts"}],"about":[{"href":"https:\/\/zonaroja.com.mx\/index.php?rest_route=\/wp\/v2\/types\/post"}],"author":[{"embeddable":true,"href":"https:\/\/zonaroja.com.mx\/index.php?rest_route=\/wp\/v2\/users\/2"}],"replies":[{"embeddable":true,"href":"https:\/\/zonaroja.com.mx\/index.php?rest_route=%2Fwp%2Fv2%2Fcomments&post=49652"}],"version-history":[{"count":2,"href":"https:\/\/zonaroja.com.mx\/index.php?rest_route=\/wp\/v2\/posts\/49652\/revisions"}],"predecessor-version":[{"id":49660,"href":"https:\/\/zonaroja.com.mx\/index.php?rest_route=\/wp\/v2\/posts\/49652\/revisions\/49660"}],"wp:featuredmedia":[{"embeddable":true,"href":"https:\/\/zonaroja.com.mx\/index.php?rest_route=\/wp\/v2\/media\/24924"}],"wp:attachment":[{"href":"https:\/\/zonaroja.com.mx\/index.php?rest_route=%2Fwp%2Fv2%2Fmedia&parent=49652"}],"wp:term":[{"taxonomy":"category","embeddable":true,"href":"https:\/\/zonaroja.com.mx\/index.php?rest_route=%2Fwp%2Fv2%2Fcategories&post=49652"},{"taxonomy":"post_tag","embeddable":true,"href":"https:\/\/zonaroja.com.mx\/index.php?rest_route=%2Fwp%2Fv2%2Ftags&post=49652"}],"curies":[{"name":"wp","href":"https:\/\/api.w.org\/{rel}","templated":true}]}}