{"id":49654,"date":"2022-12-24T17:15:01","date_gmt":"2022-12-24T23:15:01","guid":{"rendered":"http:\/\/www.zonaroja.com.mx\/?p=49654"},"modified":"2022-12-24T17:15:03","modified_gmt":"2022-12-24T23:15:03","slug":"roja-primavera-en-visperas-de-navidad-asesinan-a-dos-personas-en-oaxaca","status":"publish","type":"post","link":"https:\/\/zonaroja.com.mx\/?p=49654","title":{"rendered":"\u201cRoja primavera\u201d: en v\u00edsperas de Navidad, asesinan a dos personas en Oaxaca"},"content":{"rendered":"\n<p>Ismael Garc\u00eda M.\/Zona Roja.<\/p>\n\n\n\n<p>Oaxaca de Ju\u00e1rez, Oax., a 24 de diciembre de 2022.- En la v\u00edspera de Navidad, dos personas del sexo masculino fueron asesinadas por disparos de arma de fuego, en la regi\u00f3n del Istmo de Tehuantepec.<\/p>\n\n\n\n<p>Un crien ocurri\u00f3 aproximadamente a las 09:00 horas, en la calle 5 de Mayo del Barrio Ju\u00e1rez Sur, del municipio de Mat\u00edas Romero Avenda\u00f1o, donde fue ultimado un individuo, identificado de manera preliminar como Alfredo P., ali\u00f1as \u201cCharm\u00edn\u201d.<\/p>\n\n\n\n<p>Era empleado del ayuntamiento y realizaba sus labores de limpieza en dicha vialidad, cuando lo interceptaron al menos dos sujetos que viajaban a bordo de una motocicleta, uno de los cuales le dispar\u00f3 en repetidas ocasiones.<\/p>\n\n\n\n<p>Polic\u00edas municipales arribaron al lugar solamente para resguardar la escena del crimen pero no hay personas detenidas.<\/p>\n\n\n\n<p>Poco despu\u00e9s, en el barrio Octava Secci\u00f3n \u201cCheguigo\u201d del municipio de Juchit\u00e1n de Zaragoza, fue ultimado a balazos un taxista; la v\u00edctima fue identificada como H\u00e9ctor Miguel de 37 a\u00f1os de edad.<\/p>\n\n\n\n<p>Se desconocen los motivos por los cuales lo privaron de la vida, al parecer sujetos que viajaba a bordo de su motocicleta, mientras el ruletero conduc\u00eda su unidad de motor con placas de circulaci\u00f3n TX-16-028.<\/p>\n\n\n\n<p>En este caso tampoco hubo detenciones pese a que el crimen se registr\u00f3 en el casco municipal y a la luz del d\u00eda.<\/p>\n","protected":false},"excerpt":{"rendered":"<p>Ismael Garc\u00eda M.\/Zona Roja. Oaxaca de Ju\u00e1rez, Oax., a 24 de diciembre de 2022.- En&hellip;<\/p>\n","protected":false},"author":2,"featured_media":49657,"comment_status":"closed","ping_status":"open","sticky":false,"template":"","format":"standard","meta":{"_lmt_disableupdate":"","_lmt_disable":"","_jetpack_memberships_contains_paid_content":false,"footnotes":""},"categories":[109,51],"tags":[123,228],"class_list":["post-49654","post","type-post","status-publish","format-standard","has-post-thumbnail","hentry","category-minuto-a-minuto","category-zona-roja","tag-juchitan-de-zaragoza","tag-matias-romero-avendano"],"jetpack_featured_media_url":"https:\/\/zonaroja.com.mx\/wp-content\/uploads\/2022\/12\/Asesinado-Matias-Romero.jpg","jetpack_sharing_enabled":true,"_links":{"self":[{"href":"https:\/\/zonaroja.com.mx\/index.php?rest_route=\/wp\/v2\/posts\/49654","targetHints":{"allow":["GET"]}}],"collection":[{"href":"https:\/\/zonaroja.com.mx\/index.php?rest_route=\/wp\/v2\/posts"}],"about":[{"href":"https:\/\/zonaroja.com.mx\/index.php?rest_route=\/wp\/v2\/types\/post"}],"author":[{"embeddable":true,"href":"https:\/\/zonaroja.com.mx\/index.php?rest_route=\/wp\/v2\/users\/2"}],"replies":[{"embeddable":true,"href":"https:\/\/zonaroja.com.mx\/index.php?rest_route=%2Fwp%2Fv2%2Fcomments&post=49654"}],"version-history":[{"count":1,"href":"https:\/\/zonaroja.com.mx\/index.php?rest_route=\/wp\/v2\/posts\/49654\/revisions"}],"predecessor-version":[{"id":49658,"href":"https:\/\/zonaroja.com.mx\/index.php?rest_route=\/wp\/v2\/posts\/49654\/revisions\/49658"}],"wp:featuredmedia":[{"embeddable":true,"href":"https:\/\/zonaroja.com.mx\/index.php?rest_route=\/wp\/v2\/media\/49657"}],"wp:attachment":[{"href":"https:\/\/zonaroja.com.mx\/index.php?rest_route=%2Fwp%2Fv2%2Fmedia&parent=49654"}],"wp:term":[{"taxonomy":"category","embeddable":true,"href":"https:\/\/zonaroja.com.mx\/index.php?rest_route=%2Fwp%2Fv2%2Fcategories&post=49654"},{"taxonomy":"post_tag","embeddable":true,"href":"https:\/\/zonaroja.com.mx\/index.php?rest_route=%2Fwp%2Fv2%2Ftags&post=49654"}],"curies":[{"name":"wp","href":"https:\/\/api.w.org\/{rel}","templated":true}]}}