{"id":49661,"date":"2022-12-24T17:37:18","date_gmt":"2022-12-24T23:37:18","guid":{"rendered":"http:\/\/www.zonaroja.com.mx\/?p=49661"},"modified":"2022-12-24T17:37:21","modified_gmt":"2022-12-24T23:37:21","slug":"reclama-neri-apatia-de-regidor-priista-pero-da-la-razon-en-sancionar-el-ambulantaje","status":"publish","type":"post","link":"https:\/\/zonaroja.com.mx\/?p=49661","title":{"rendered":"Reclama Neri apat\u00eda de regidor pri\u00edsta, pero da la raz\u00f3n en sancionar el ambulantaje"},"content":{"rendered":"\n<p>Yuridiana Sosa\/Zona Roja.&nbsp;<\/p>\n\n\n\n<p>Oaxaca de Ju\u00e1rez, Oax., 24 de diciembre de 2022.- Luego de las diversas cr\u00edticas, hasta en informe de gobierno, de parte del &nbsp;regidor pri\u00edsta Jes\u00fas Joaqu\u00edn Galguera G\u00f3mez sobre la incapacidad del gobierno municipal para controlar el ambulantaje, el edil Francisco Mart\u00ednez Neri reproch\u00f3 la ausencia del funcionario para actuar a favor del municipio, pero dio la raz\u00f3n en cuanto a la falta de regulaci\u00f3n para ese tipo de comercio.<\/p>\n\n\n\n<p>Durante la sesi\u00f3n ordinaria de Cabildo de este jueves, el primer concejal resalt\u00f3 la ausencia del regidor de Medio Ambiente, quien en la entrega e informe del primer a\u00f1o de gobierno critic\u00f3 el descontrolado aumento de puestos en v\u00eda p\u00fablica, pues tampoco ha sido funcional a pesar que devenga un salario.<\/p>\n\n\n\n<p>Mart\u00ednez Neri se\u00f1al\u00f3 que son constantes la falta del regidor a las sesiones de Cabildo, as\u00ed como existe una desatenci\u00f3n en su \u00e1rea; \u201cSi alguien no se interesa por lo que se hace aqu\u00ed (Galguera G\u00f3mez), menos los que est\u00e1n bajo su direcci\u00f3n, eso tenemos que verlo, sancionarlo\u201d, apunt\u00f3 el edil.<\/p>\n\n\n\n<p>Mart\u00ednez Neri refiri\u00f3 que la participaci\u00f3n de todos los funcionarios es importante para la soluci\u00f3n de problemas, a veces desde la propia iniciativa y no precisamente bajo invitaci\u00f3n, como ha ocurrido con el tema de la crisis de la basura, para el que existen reuniones cada d\u00eda y en las que se han involucrado funcionarios que no tienen que ver directamente con el \u00e1rea.<\/p>\n\n\n\n<p>SANCIONES EN LA MIRA<\/p>\n\n\n\n<p>Sobre el tema criticado del comercio en v\u00eda p\u00fablica, el presidente de Oaxaca de Ju\u00e1rez reconoci\u00f3 que falta la aplicaci\u00f3n de sanciones o reglas para que se permita la instalaci\u00f3n de puestos temporales por celebraciones.&nbsp;<\/p>\n\n\n\n<p>Se\u00f1al\u00f3 que ha sido una mala ejecuci\u00f3n del Cabildo aprobar los puestos con poco tiempo de antelaci\u00f3n a la fecha, lo que impide establecer reglas para su funcionamiento.<\/p>\n\n\n\n<p>Ante esa situaci\u00f3n, destac\u00f3 que es necesario discutir con antelaci\u00f3n dichas solicites, lo cual &nbsp;pueden tener como resultado evitar confrontaciones con el comercio formal y la ciudadan\u00eda, as\u00ed como sancionar los da\u00f1os que ocasionen al patrimonio.&nbsp;<\/p>\n\n\n\n<p>En ese sentido, llam\u00f3 a los regidores a discutir y sesionar con antelaci\u00f3n los puestos ambulantes con motivo de \u201cD\u00eda de reyes\u201d, y analizar lo que \u201chay detr\u00e1s de la repartici\u00f3n de espacios\u201d, lo cual se prev\u00e9 sea en sesi\u00f3n extraordinaria.<\/p>\n\n\n\n<figure class=\"wp-block-embed is-type-rich is-provider-twitter wp-block-embed-twitter\"><div class=\"wp-block-embed__wrapper\">\n<div class=\"twitter-tweet\"><blockquote class=\"twitter-tweet\" data-lang=\"es\"><p lang=\"es\" dir=\"ltr\">Agobiado por los reclamos ante la incapacidad del <a href=\"https:\/\/twitter.com\/MunicipioOaxaca?ref_src=twsrc%5Etfw\">@MunicipioOaxaca<\/a> para poner orden en el ambulantaje, por fin el edil <a href=\"https:\/\/twitter.com\/FMartinezNeri?ref_src=twsrc%5Etfw\">@FMartinezNeri<\/a> se decidi\u00f3 a criticar al regidor pri\u00edsta Jes\u00fas Joaqu\u00edn Galguera G\u00f3mez, suplente de <a href=\"https:\/\/twitter.com\/JavierVillacana?ref_src=twsrc%5Etfw\">@JavierVillacana<\/a>, por constantes faltas a sesiones de Cabildo. <a href=\"https:\/\/t.co\/duXtIqugFz\">pic.twitter.com\/duXtIqugFz<\/a><\/p>&mdash; Zona Roja Oaxaca (@ZonaRoja_Oaxaca) <a href=\"https:\/\/twitter.com\/ZonaRoja_Oaxaca\/status\/1606726621389619200?ref_src=twsrc%5Etfw\">24 de diciembre de 2022<\/a><\/blockquote><\/div>\n<\/div><\/figure>\n","protected":false},"excerpt":{"rendered":"<p>Yuridiana Sosa\/Zona Roja.&nbsp; Oaxaca de Ju\u00e1rez, Oax., 24 de diciembre de 2022.- Luego de las&hellip;<\/p>\n","protected":false},"author":2,"featured_media":49656,"comment_status":"closed","ping_status":"open","sticky":false,"template":"","format":"standard","meta":{"_lmt_disableupdate":"","_lmt_disable":"","_jetpack_memberships_contains_paid_content":false,"footnotes":""},"categories":[109,47],"tags":[2418],"class_list":["post-49661","post","type-post","status-publish","format-standard","has-post-thumbnail","hentry","category-minuto-a-minuto","category-zona-gris","tag-francisco-martinez-neri"],"jetpack_featured_media_url":"https:\/\/zonaroja.com.mx\/wp-content\/uploads\/2022\/12\/Sesion-Cabildo-Oaxaca.jpg","jetpack_sharing_enabled":true,"_links":{"self":[{"href":"https:\/\/zonaroja.com.mx\/index.php?rest_route=\/wp\/v2\/posts\/49661","targetHints":{"allow":["GET"]}}],"collection":[{"href":"https:\/\/zonaroja.com.mx\/index.php?rest_route=\/wp\/v2\/posts"}],"about":[{"href":"https:\/\/zonaroja.com.mx\/index.php?rest_route=\/wp\/v2\/types\/post"}],"author":[{"embeddable":true,"href":"https:\/\/zonaroja.com.mx\/index.php?rest_route=\/wp\/v2\/users\/2"}],"replies":[{"embeddable":true,"href":"https:\/\/zonaroja.com.mx\/index.php?rest_route=%2Fwp%2Fv2%2Fcomments&post=49661"}],"version-history":[{"count":1,"href":"https:\/\/zonaroja.com.mx\/index.php?rest_route=\/wp\/v2\/posts\/49661\/revisions"}],"predecessor-version":[{"id":49662,"href":"https:\/\/zonaroja.com.mx\/index.php?rest_route=\/wp\/v2\/posts\/49661\/revisions\/49662"}],"wp:featuredmedia":[{"embeddable":true,"href":"https:\/\/zonaroja.com.mx\/index.php?rest_route=\/wp\/v2\/media\/49656"}],"wp:attachment":[{"href":"https:\/\/zonaroja.com.mx\/index.php?rest_route=%2Fwp%2Fv2%2Fmedia&parent=49661"}],"wp:term":[{"taxonomy":"category","embeddable":true,"href":"https:\/\/zonaroja.com.mx\/index.php?rest_route=%2Fwp%2Fv2%2Fcategories&post=49661"},{"taxonomy":"post_tag","embeddable":true,"href":"https:\/\/zonaroja.com.mx\/index.php?rest_route=%2Fwp%2Fv2%2Ftags&post=49661"}],"curies":[{"name":"wp","href":"https:\/\/api.w.org\/{rel}","templated":true}]}}