{"id":49669,"date":"2022-12-25T15:40:00","date_gmt":"2022-12-25T21:40:00","guid":{"rendered":"http:\/\/www.zonaroja.com.mx\/?p=49669"},"modified":"2022-12-25T06:43:37","modified_gmt":"2022-12-25T12:43:37","slug":"opinion-todo-se-fuga-antes-de-acteal","status":"publish","type":"post","link":"https:\/\/zonaroja.com.mx\/?p=49669","title":{"rendered":"Opini\u00f3n. Todo se fuga antes de Acteal"},"content":{"rendered":"\n<p>Diego Enrique Osorno*<\/p>\n\n\n\n<p>Esta libreta y este l\u00e1piz no se fugan. Permanecen aqu\u00ed, desdoblando en forma de zigzag inquietudes, recuerdos y enso\u00f1aciones. Hay una p\u00e1gina en blanco que cada vez es m\u00e1s dif\u00edcil de atacar con palabras en tiempos urbanos como estos en los que concentrarse en una sola cosa resulta casi una transgresi\u00f3n. La nueva b\u00fasqueda del sentido contempor\u00e1neo pasa por lograr dar continuidad a lo que hacemos. He ah\u00ed una extra\u00f1a proeza cotidiana actual.<\/p>\n\n\n\n<p>La carretera de Tuxtla Guti\u00e9rrez a San Crist\u00f3bal de las Casas no es un laberinto pero a\u00fan tiene rincones secretos en los que se debe procurar no entrar para no quedarse atrapado.&nbsp;<\/p>\n\n\n\n<p>Se mantiene el Ca\u00f1\u00f3n del Sumidero como una especie de templo ceremonial de la naturaleza herida de muerte. Tambi\u00e9n vaga por aqu\u00ed una niebla que va y viene abriendo y cerrando caminos.&nbsp;<\/p>\n\n\n\n<p>Niebla que confronta con su manto la fragmentaci\u00f3n del tiempo presente, esa fragmentaci\u00f3n que llena de ansiedad nuestros cuerpos sometidos a los mensajes instant\u00e1neos que recibimos en cada momento, la sobreinformaci\u00f3n que nos llega de las redes sociales y la presencialidad del instante f\u00edsico que sucede m\u00e1s all\u00e1 de la vida virtual del celular.<\/p>\n\n\n\n<p>La carretera de Tuxtla Guti\u00e9rrez a San Crist\u00f3bal de las Casas, por algunos momentos, nos hace percibir el aroma del tiempo del que habla Byung-Chul Han. Ayuda a que escapemos de la tiran\u00eda de lo ef\u00edmero para sentir la duraci\u00f3n del acontecimiento.&nbsp;<\/p>\n\n\n\n<p>Para estar ah\u00ed, para estar aqu\u00ed, para mirar de forma horizontal una realidad que es cada vez m\u00e1s vertical, como las pantallas de los tel\u00e9fonos \u2018inteligentes\u2019 a los que hemos delegado incluso la capacidad de pensar.<\/p>\n\n\n\n<p>La carretera de Tuxtla Guti\u00e9rrez a San Crist\u00f3bal de las Casas, si uno as\u00ed lo desea y lo decide, puede llevar tambi\u00e9n hasta Acteal, una tierra que hace 25 a\u00f1os fue asaltada por las maquinarias del poder y que ahora es un centro simb\u00f3lico del dolor humano y del amor resistente a la aniquilaci\u00f3n en marcha en tantas otras tierras con la mirada extraviada y disincron\u00eda.<\/p>\n\n\n\n<p>Ah\u00ed estar\u00e1 ma\u00f1ana, con sus a\u00f1os cargados de fuego espiritual, Tatic Ra\u00fal Vera en una misa de fiesta y memoria que prevalecer\u00e1 el d\u00eda 22 del mes 12 del a\u00f1o 2022.&nbsp;Un instante que tampoco se fugar\u00e1.<\/p>\n\n\n\n<p>*Escritor y periodista<\/p>\n\n\n\n<p>@DiegoEOsorno<\/p>\n","protected":false},"excerpt":{"rendered":"<p>Diego Enrique Osorno* Esta libreta y este l\u00e1piz no se fugan. Permanecen aqu\u00ed, desdoblando en&hellip;<\/p>\n","protected":false},"author":2,"featured_media":48560,"comment_status":"closed","ping_status":"open","sticky":false,"template":"","format":"standard","meta":{"_lmt_disableupdate":"","_lmt_disable":"","_jetpack_memberships_contains_paid_content":false,"footnotes":""},"categories":[456,109],"tags":[3020],"class_list":["post-49669","post","type-post","status-publish","format-standard","has-post-thumbnail","hentry","category-columna","category-minuto-a-minuto","tag-diego-enrique-osorno"],"jetpack_featured_media_url":"https:\/\/zonaroja.com.mx\/wp-content\/uploads\/2022\/11\/Diego-Enrique-Osorno.jpeg","jetpack_sharing_enabled":true,"_links":{"self":[{"href":"https:\/\/zonaroja.com.mx\/index.php?rest_route=\/wp\/v2\/posts\/49669","targetHints":{"allow":["GET"]}}],"collection":[{"href":"https:\/\/zonaroja.com.mx\/index.php?rest_route=\/wp\/v2\/posts"}],"about":[{"href":"https:\/\/zonaroja.com.mx\/index.php?rest_route=\/wp\/v2\/types\/post"}],"author":[{"embeddable":true,"href":"https:\/\/zonaroja.com.mx\/index.php?rest_route=\/wp\/v2\/users\/2"}],"replies":[{"embeddable":true,"href":"https:\/\/zonaroja.com.mx\/index.php?rest_route=%2Fwp%2Fv2%2Fcomments&post=49669"}],"version-history":[{"count":1,"href":"https:\/\/zonaroja.com.mx\/index.php?rest_route=\/wp\/v2\/posts\/49669\/revisions"}],"predecessor-version":[{"id":49670,"href":"https:\/\/zonaroja.com.mx\/index.php?rest_route=\/wp\/v2\/posts\/49669\/revisions\/49670"}],"wp:featuredmedia":[{"embeddable":true,"href":"https:\/\/zonaroja.com.mx\/index.php?rest_route=\/wp\/v2\/media\/48560"}],"wp:attachment":[{"href":"https:\/\/zonaroja.com.mx\/index.php?rest_route=%2Fwp%2Fv2%2Fmedia&parent=49669"}],"wp:term":[{"taxonomy":"category","embeddable":true,"href":"https:\/\/zonaroja.com.mx\/index.php?rest_route=%2Fwp%2Fv2%2Fcategories&post=49669"},{"taxonomy":"post_tag","embeddable":true,"href":"https:\/\/zonaroja.com.mx\/index.php?rest_route=%2Fwp%2Fv2%2Ftags&post=49669"}],"curies":[{"name":"wp","href":"https:\/\/api.w.org\/{rel}","templated":true}]}}