{"id":4967,"date":"2019-10-19T20:09:07","date_gmt":"2019-10-20T01:09:07","guid":{"rendered":"http:\/\/www.zonaroja.com.mx\/?p=4967"},"modified":"2019-10-19T20:09:49","modified_gmt":"2019-10-20T01:09:49","slug":"preven-mexico-y-eu-cerrar-frontera-por-trafico-de-armas","status":"publish","type":"post","link":"https:\/\/zonaroja.com.mx\/?p=4967","title":{"rendered":"Prev\u00e9n M\u00e9xico y EU cerrar frontera por tr\u00e1fico de armas"},"content":{"rendered":"\n<p>Ismael Garc\u00eda M.\/Zona Roja.<\/p>\n\n\n\n<p>Asunci\u00f3n Nochixtl\u00e1n, Oax., 19 de octubre\nde 2019.- En breve, M\u00e9xico y Estados Unidos podr\u00edan firmar un acuerdo de\ncolaboraci\u00f3n para cerrar las fronteras al tr\u00e1fico de armas, confirm\u00f3 el\nsecretario de Relaciones Exteriores, Marcelo Ebrard.<\/p>\n\n\n\n<p>El funcionario federal lleg\u00f3 temprano a\nOaxaca para atestiguar la llamada telef\u00f3nica que hicieron el Presidente de\nM\u00e9xico, Andr\u00e9s Manuel L\u00f3pez Obrador, y el mandatario norteamericano Donald\nTrump.<\/p>\n\n\n\n<p>Tras ello, en conferencia de prensa en\nNochixtl\u00e1n, momentos antes del inicio del encuentro con pueblos ind\u00edgenas,\nEbrard inform\u00f3 que en breves d\u00edas se podr\u00edan iniciar acciones para \u201ccongelar el\ntr\u00e1fico de armas hacia M\u00e9xico, proveniente de Estados Unidos\u201d.<\/p>\n\n\n\n<p>Lo anterior tras los hechos violentos del\njueves sucedidos en Asunci\u00f3n Nochixtl\u00e1n, donde miembros del crimen organizado,\npresuntamente del \u201cC\u00e1rtel de Sinaloa\u201d, sitiaron y se apoderaron de Culiac\u00e1n\npara que se liberara a Ovidio Guzm\u00e1n, hijo del \u201cEl Chapo\u201d, para lo cual\nutilizaron armas muy alto poder, calibre 50.<\/p>\n\n\n\n<p>\u201cQue se congele el tr\u00e1fico de armas que\nproviene de Estados Unidos a M\u00e9xico. \u00bfQuiere usted ayudarnos? Paremos ese\ntr\u00e1fico, porque ayer vimos en Culiac\u00e1n calibres que se ven solo en acciones de\nguerra\u201d, dijo el canciller.<\/p>\n\n\n\n<p>A\u00f1adi\u00f3 que Trump le contest\u00f3 \u201cque le\nparec\u00eda muy bien, que se puede hacer con base en la tecnolog\u00eda. Hoy existe, la\ntenemos al alcance, que no tiene que ver con que en Estados Unidos cambien sus\nleyes, tiene que ver con que no ingresen a M\u00e9xico armas que son ilegales y\nadem\u00e1s ponen en peligro la vida de muchas personas\u201d.<\/p>\n\n\n\n<p>Ebrard dijo que entablar\u00eda comunicaci\u00f3n\nde inmediato con el embajador de los Estados Unidos en M\u00e9xico, Christopher\nLandau, con el fin de definir un encuentro entre autoridades de ambos pa\u00edses\npara cumplir ese objetivo. <\/p>\n\n\n\n<p>Expuso que L\u00f3pez Obrador pidi\u00f3 que esto\nse realice \u201cno m\u00e1s all\u00e1 de lunes o martes, para que se pueda presentar a la\nopini\u00f3n p\u00fablica qu\u00e9 pasos se van a dar de manera inmediata\u201d para congelar las\narmas con el uso de tecnolog\u00eda.<\/p>\n\n\n\n<p>Abund\u00f3 que en la llamada que ambos\nmandatarios sostuvieron a las nueve de la ma\u00f1ana, por espacio de 15 minutos, no\nhubo reclamo de Trump hacia L\u00f3pez Obrador porque no se ejecut\u00f3 la detenci\u00f3n de\nOvidio Guzm\u00e1n L\u00f3pez, hijo de Joaqu\u00edn \u201cEl Chapo\u201d Guzm\u00e1n.<\/p>\n\n\n\n<p>\u201cUno de los factores que m\u00e1s influy\u00f3 en los acontecimientos de Culiac\u00e1n es el n\u00famero, calibre, alcance de las armas que vimos que tiene la delincuencia\u201d.<\/p>\n\n\n\n<figure class=\"wp-block-embed-twitter wp-block-embed is-type-rich is-provider-twitter\"><div class=\"wp-block-embed__wrapper\">\n<div class=\"twitter-tweet\"><blockquote class=\"twitter-tweet\" data-lang=\"es\"><p lang=\"es\" dir=\"ltr\">En Asunci\u00f3n Nochixtl\u00e1n, el Presidente <a href=\"https:\/\/twitter.com\/lopezobrador_?ref_src=twsrc%5Etfw\">@lopezobrador_<\/a> confirm\u00f3 que habl\u00f3 por tel\u00e9fono desde Oaxaca con el mandatario de Estados Unidos, Donald Trump, acerca de los hechos ocurridos en <a href=\"https:\/\/twitter.com\/hashtag\/Culiac%C3%A1n?src=hash&amp;ref_src=twsrc%5Etfw\">#Culiac\u00e1n<\/a>, <a href=\"https:\/\/twitter.com\/hashtag\/Sinaloa?src=hash&amp;ref_src=twsrc%5Etfw\">#Sinaloa<\/a>. <a href=\"https:\/\/t.co\/UTkm90lOPC\">pic.twitter.com\/UTkm90lOPC<\/a><\/p>&mdash; Zona Roja Oaxaca (@MexRoja) <a href=\"https:\/\/twitter.com\/MexRoja\/status\/1185624810992345089?ref_src=twsrc%5Etfw\">19 de octubre de 2019<\/a><\/blockquote><\/div>\n<\/div><\/figure>\n\n\n\n<p>AYER ME BUSC\u00d3<\/p>\n\n\n\n<p>Durante el encuentro que encabez\u00f3 en\nNochixtl\u00e1n, L\u00f3pez Obrador confirm\u00f3 la llamada telef\u00f3nica:<\/p>\n\n\n\n<p>\u201cNosotros vamos a respetar siempre la\nvida de todos los seres humanos y se puede lograr as\u00ed la paz.<\/p>\n\n\n\n<p>\u201cHoy se lo manifest\u00e9; antes de salir de\nOaxaca me habl\u00f3 el presidente Trump, me busc\u00f3 desde ayer, andaba yo a Putla\npero no pude comunicarme.<\/p>\n\n\n\n<p>\u201cLe agradec\u00ed la llamada y le agradezco sobre todo su respeto por la soberan\u00eda, porque estos asuntos delicados los tenemos que resolver nosotros. As\u00ed como respetamos a otros pueblos, otras naciones, as\u00ed querremos que se respete la soberan\u00eda de nuestra patria\u201d, dijo.<\/p>\n\n\n\n<figure class=\"wp-block-embed-twitter wp-block-embed is-type-rich is-provider-twitter\"><div class=\"wp-block-embed__wrapper\">\n<div class=\"twitter-tweet\"><blockquote class=\"twitter-tweet\" data-lang=\"es\"><p lang=\"es\" dir=\"ltr\">En Asunci\u00f3n Nochixtl\u00e1n, <a href=\"https:\/\/twitter.com\/hashtag\/Oaxaca?src=hash&amp;ref_src=twsrc%5Etfw\">#Oaxaca<\/a>, el titular de la <a href=\"https:\/\/twitter.com\/SRE_mx?ref_src=twsrc%5Etfw\">@SRE_mx<\/a>, <a href=\"https:\/\/twitter.com\/m_ebrard?ref_src=twsrc%5Etfw\">@m_ebrard<\/a>, dio a conocer una conversaci\u00f3n con el Presidente norteamericano Donald Trump, para ver la posibilidad de cerrar la frontera de M\u00e9xico con ese pa\u00eds, al tr\u00e1fico de armas. <a href=\"https:\/\/t.co\/oBWyVZJyG3\">pic.twitter.com\/oBWyVZJyG3<\/a><\/p>&mdash; Zona Roja Oaxaca (@MexRoja) <a href=\"https:\/\/twitter.com\/MexRoja\/status\/1185597279102746624?ref_src=twsrc%5Etfw\">19 de octubre de 2019<\/a><\/blockquote><\/div>\n<\/div><\/figure>\n","protected":false},"excerpt":{"rendered":"<p>Ismael Garc\u00eda M.\/Zona Roja. Asunci\u00f3n Nochixtl\u00e1n, Oax., 19 de octubre de 2019.- En breve, M\u00e9xico&hellip;<\/p>\n","protected":false},"author":2,"featured_media":4969,"comment_status":"closed","ping_status":"open","sticky":false,"template":"","format":"standard","meta":{"_lmt_disableupdate":"","_lmt_disable":"","_jetpack_memberships_contains_paid_content":false,"footnotes":""},"categories":[109,51],"tags":[143,135,136],"class_list":["post-4967","post","type-post","status-publish","format-standard","has-post-thumbnail","hentry","category-minuto-a-minuto","category-zona-roja","tag-andres-manuel-lopez-obrador","tag-culiacan","tag-sinaloa"],"jetpack_featured_media_url":"https:\/\/zonaroja.com.mx\/wp-content\/uploads\/2019\/10\/Marcelo-Ebrard.jpg","jetpack_sharing_enabled":true,"_links":{"self":[{"href":"https:\/\/zonaroja.com.mx\/index.php?rest_route=\/wp\/v2\/posts\/4967","targetHints":{"allow":["GET"]}}],"collection":[{"href":"https:\/\/zonaroja.com.mx\/index.php?rest_route=\/wp\/v2\/posts"}],"about":[{"href":"https:\/\/zonaroja.com.mx\/index.php?rest_route=\/wp\/v2\/types\/post"}],"author":[{"embeddable":true,"href":"https:\/\/zonaroja.com.mx\/index.php?rest_route=\/wp\/v2\/users\/2"}],"replies":[{"embeddable":true,"href":"https:\/\/zonaroja.com.mx\/index.php?rest_route=%2Fwp%2Fv2%2Fcomments&post=4967"}],"version-history":[{"count":1,"href":"https:\/\/zonaroja.com.mx\/index.php?rest_route=\/wp\/v2\/posts\/4967\/revisions"}],"predecessor-version":[{"id":4968,"href":"https:\/\/zonaroja.com.mx\/index.php?rest_route=\/wp\/v2\/posts\/4967\/revisions\/4968"}],"wp:featuredmedia":[{"embeddable":true,"href":"https:\/\/zonaroja.com.mx\/index.php?rest_route=\/wp\/v2\/media\/4969"}],"wp:attachment":[{"href":"https:\/\/zonaroja.com.mx\/index.php?rest_route=%2Fwp%2Fv2%2Fmedia&parent=4967"}],"wp:term":[{"taxonomy":"category","embeddable":true,"href":"https:\/\/zonaroja.com.mx\/index.php?rest_route=%2Fwp%2Fv2%2Fcategories&post=4967"},{"taxonomy":"post_tag","embeddable":true,"href":"https:\/\/zonaroja.com.mx\/index.php?rest_route=%2Fwp%2Fv2%2Ftags&post=4967"}],"curies":[{"name":"wp","href":"https:\/\/api.w.org\/{rel}","templated":true}]}}