{"id":49671,"date":"2022-12-25T10:43:00","date_gmt":"2022-12-25T16:43:00","guid":{"rendered":"http:\/\/www.zonaroja.com.mx\/?p=49671"},"modified":"2022-12-25T06:46:39","modified_gmt":"2022-12-25T12:46:39","slug":"arrecian-protestas-en-francia-a-raiz-del-asesinato-de-tres-kurdos","status":"publish","type":"post","link":"https:\/\/zonaroja.com.mx\/?p=49671","title":{"rendered":"Arrecian protestas en Francia, a ra\u00edz del asesinato de tres kurdos"},"content":{"rendered":"\n<p>Redacci\u00f3n\/Zona Roja Cdmx.<\/p>\n\n\n\n<p>Ciudad de M\u00e9xico, a 25 de diciembre de 2022.- Miembros de la comunidad kurda se enfrentaron ayer, por segundo d\u00eda consecutivo, a la polic\u00eda en Par\u00eds, enfadados por la muerte, el viernes, de tres kurdos en un tiroteo.<\/p>\n\n\n\n<p>Los manifestantes volcaron coches, quemaron al menos un veh\u00edculo y prendieron fuego cerca de la Plaza de la Rep\u00fablica, lugar tradicional de protestas en la ciudad, donde los kurdos celebraron anteriormente una protesta pac\u00edfica.<\/p>\n\n\n\n<p>Los enfrentamientos estallaron cuando algunos manifestantes abandonaron la plaza, lanzando proyectiles contra la polic\u00eda, que respondi\u00f3 con gases lacrim\u00f3genos.<\/p>\n\n\n\n<p>Un hombre armado dispar\u00f3 el viernes en el interior de un centro cultural kurdo y una cafeter\u00eda cercana en una concurrida zona del distrito 10 de Par\u00eds, sacudiendo a una comunidad que se preparaba para conmemorar el d\u00e9cimo aniversario del asesinato no resuelto de tres activistas.<\/p>\n\n\n\n<p>El hombre de 69 a\u00f1os sospechoso de haber matado a tres personas, el viernes, cerca de un centro cultural kurdo de Par\u00eds, le dijo a un polic\u00eda que actu\u00f3 as\u00ed porque es \u201cracista\u201d.<\/p>\n\n\n\n<p>Despu\u00e9s de que una multitud enfurecida se enfrent\u00f3 a la polic\u00eda el viernes por la tarde, el Consejo Democr\u00e1tico Kurdo de Francia (CDK-F) organiz\u00f3 una concentraci\u00f3n ayer en la Plaza de la Rep\u00fablica.<\/p>\n\n\n\n<p>Cientos de manifestantes kurdos, a los que se unieron pol\u00edticos como el alcalde del distrito 10 de Par\u00eds, ondearon banderas y realizaron homenajes a las v\u00edctimas.<\/p>\n\n\n\n<p>\u201cNo se nos protege en absoluto. En 10 a\u00f1os, seis activistas kurdos han sido asesinados en pleno centro de Par\u00eds a plena luz del d\u00eda\u201d, declar\u00f3 Berivan Firat, portavoz del CDK-F, a BFM TV durante la manifestaci\u00f3n.<\/p>\n\n\n\n<p>La portavoz coment\u00f3 que el acto se volvi\u00f3 violento despu\u00e9s de que algunos manifestantes fueron provocados por personas que pasaban en un veh\u00edculo que mostraba una bandera turca e hicieron un gesto nacionalista.<\/p>\n\n\n\n<p>Las muertes del viernes se produjeron antes del aniversario de los asesinatos de tres mujeres kurdas en Par\u00eds en enero de 2013.<\/p>\n\n\n\n<p>La investigaci\u00f3n fue abandonada despu\u00e9s de que el principal sospechoso muri\u00f3 poco antes de llegar a juicio, antes de ser reabierta en 2019.<\/p>\n\n\n\n<p>\u201cLa comunidad kurda tiene miedo. Ya estaba traumatizada por el triple asesinato (de 2013). Necesita respuestas, apoyo y consideraci\u00f3n\u201d, dijo a la prensa David Andic, abogado que representa al CDK-F.<\/p>\n\n\n\n<p>(Informaci\u00f3n de \u201cExc\u00e9lsior\u201d)<\/p>\n","protected":false},"excerpt":{"rendered":"<p>Redacci\u00f3n\/Zona Roja Cdmx. Ciudad de M\u00e9xico, a 25 de diciembre de 2022.- Miembros de la&hellip;<\/p>\n","protected":false},"author":2,"featured_media":49672,"comment_status":"closed","ping_status":"open","sticky":false,"template":"","format":"standard","meta":{"_lmt_disableupdate":"","_lmt_disable":"","_jetpack_memberships_contains_paid_content":false,"footnotes":""},"categories":[109,47],"tags":[3363],"class_list":["post-49671","post","type-post","status-publish","format-standard","has-post-thumbnail","hentry","category-minuto-a-minuto","category-zona-gris","tag-kurdos-francia"],"jetpack_featured_media_url":"https:\/\/zonaroja.com.mx\/wp-content\/uploads\/2022\/12\/Kurdos-Francia.jpeg","jetpack_sharing_enabled":true,"_links":{"self":[{"href":"https:\/\/zonaroja.com.mx\/index.php?rest_route=\/wp\/v2\/posts\/49671","targetHints":{"allow":["GET"]}}],"collection":[{"href":"https:\/\/zonaroja.com.mx\/index.php?rest_route=\/wp\/v2\/posts"}],"about":[{"href":"https:\/\/zonaroja.com.mx\/index.php?rest_route=\/wp\/v2\/types\/post"}],"author":[{"embeddable":true,"href":"https:\/\/zonaroja.com.mx\/index.php?rest_route=\/wp\/v2\/users\/2"}],"replies":[{"embeddable":true,"href":"https:\/\/zonaroja.com.mx\/index.php?rest_route=%2Fwp%2Fv2%2Fcomments&post=49671"}],"version-history":[{"count":1,"href":"https:\/\/zonaroja.com.mx\/index.php?rest_route=\/wp\/v2\/posts\/49671\/revisions"}],"predecessor-version":[{"id":49673,"href":"https:\/\/zonaroja.com.mx\/index.php?rest_route=\/wp\/v2\/posts\/49671\/revisions\/49673"}],"wp:featuredmedia":[{"embeddable":true,"href":"https:\/\/zonaroja.com.mx\/index.php?rest_route=\/wp\/v2\/media\/49672"}],"wp:attachment":[{"href":"https:\/\/zonaroja.com.mx\/index.php?rest_route=%2Fwp%2Fv2%2Fmedia&parent=49671"}],"wp:term":[{"taxonomy":"category","embeddable":true,"href":"https:\/\/zonaroja.com.mx\/index.php?rest_route=%2Fwp%2Fv2%2Fcategories&post=49671"},{"taxonomy":"post_tag","embeddable":true,"href":"https:\/\/zonaroja.com.mx\/index.php?rest_route=%2Fwp%2Fv2%2Ftags&post=49671"}],"curies":[{"name":"wp","href":"https:\/\/api.w.org\/{rel}","templated":true}]}}