{"id":49674,"date":"2022-12-25T11:50:00","date_gmt":"2022-12-25T17:50:00","guid":{"rendered":"http:\/\/www.zonaroja.com.mx\/?p=49674"},"modified":"2022-12-25T06:58:10","modified_gmt":"2022-12-25T12:58:10","slug":"deja-el-covid-19-a-131-mil-menores-en-la-orfandad-en-mexico","status":"publish","type":"post","link":"https:\/\/zonaroja.com.mx\/?p=49674","title":{"rendered":"Deja el Covid-19 a 131 mil menores en la orfandad en M\u00e9xico"},"content":{"rendered":"\n<p>Redacci\u00f3n\/Zona Roja Cdmx.<\/p>\n\n\n\n<p>Ciudad de M\u00e9xico, a 25 de diciembre de 2022.- Aproximadamente 131 mil ni\u00f1as, ni\u00f1os y adolescentes se quedaron en situaci\u00f3n de orfandad por la muerte de sus padres o sus principales cuidadores a causa del de Covid-19,&nbsp; seg\u00fan un documento turnado a las comisiones unidas de Derechos de la Ni\u00f1ez y de la Adolescencia, y de Estudios Legislativos Primera, del Senado de la Rep\u00fablica.<\/p>\n\n\n\n<p>La senadora panista, Josefina V\u00e1zquez Mota, se\u00f1al\u00f3 que, como Poder Legislativo, tienen la responsabilidad de crear un marco normativo que vele por el bienestar de la infancia mexicana.<\/p>\n\n\n\n<p>Expuso que a estas miles de personas hu\u00e9rfanas \u201chabr\u00edamos de sumar a quienes se encuentran en la misma circunstancia a consecuencia de los altos niveles de violencia por la que lamentablemente atraviesa nuestro pa\u00eds\u201d.<\/p>\n\n\n\n<p>La pandemia de Covid-19 ocasion\u00f3 la muerte de miles de personas, y muchas de estas p\u00e9rdidas, lamentablemente, fueron padres y madres de familia o de personas que estaban a cargo del cuidado y la atenci\u00f3n de menores de edad.<\/p>\n\n\n\n<p>M\u00e9xico es uno de los pa\u00edses que m\u00e1s infantes hu\u00e9rfanos tiene a causa de esta pandemia, debido a que miles de ni\u00f1as, ni\u00f1os y adolescentes perdieron a alguno de sus progenitores, a ambos, a sus abuelos o a los encargados de ellos, alert\u00f3 la senadora V\u00e1zquez Mota.<\/p>\n\n\n\n<p>En la Gaceta Parlamentaria del pasado 14 de diciembre, la panista inscribi\u00f3 una iniciativa para declarar el 9 de noviembre de cada a\u00f1o como D\u00eda nacional de protecci\u00f3n a las ni\u00f1as, ni\u00f1os y adolescentes en condici\u00f3n de orfandad.<\/p>\n\n\n\n<p>En argumento expres\u00f3 que los pa\u00edses con mayor n\u00famero de menores que perdieron a sus cuidadores principales, hasta abril de 2021, son Sud\u00e1frica, Per\u00fa, Estados Unidos, India, Brasil y M\u00e9xico.<\/p>\n\n\n\n<p>Para ello, es indispensable conocer el n\u00famero exacto de menores que se encuentran en situaci\u00f3n de orfandad a causa de la crisis sanitaria, \u201cpara as\u00ed hacer todo lo que est\u00e9 en nuestras manos para salvaguardar su seguridad\u201d.<\/p>\n\n\n\n<p>(Informaci\u00f3n de \u201cL\u00f3pez D\u00f3riga Digital\u201d)<\/p>\n","protected":false},"excerpt":{"rendered":"<p>Redacci\u00f3n\/Zona Roja Cdmx. Ciudad de M\u00e9xico, a 25 de diciembre de 2022.- Aproximadamente 131 mil&hellip;<\/p>\n","protected":false},"author":2,"featured_media":49675,"comment_status":"closed","ping_status":"open","sticky":false,"template":"","format":"standard","meta":{"_lmt_disableupdate":"","_lmt_disable":"","_jetpack_memberships_contains_paid_content":false,"footnotes":""},"categories":[109,47],"tags":[1328],"class_list":["post-49674","post","type-post","status-publish","format-standard","has-post-thumbnail","hentry","category-minuto-a-minuto","category-zona-gris","tag-coronavirus-mexico"],"jetpack_featured_media_url":"https:\/\/zonaroja.com.mx\/wp-content\/uploads\/2022\/12\/Orfardad-menores-Covid.jpeg","jetpack_sharing_enabled":true,"_links":{"self":[{"href":"https:\/\/zonaroja.com.mx\/index.php?rest_route=\/wp\/v2\/posts\/49674","targetHints":{"allow":["GET"]}}],"collection":[{"href":"https:\/\/zonaroja.com.mx\/index.php?rest_route=\/wp\/v2\/posts"}],"about":[{"href":"https:\/\/zonaroja.com.mx\/index.php?rest_route=\/wp\/v2\/types\/post"}],"author":[{"embeddable":true,"href":"https:\/\/zonaroja.com.mx\/index.php?rest_route=\/wp\/v2\/users\/2"}],"replies":[{"embeddable":true,"href":"https:\/\/zonaroja.com.mx\/index.php?rest_route=%2Fwp%2Fv2%2Fcomments&post=49674"}],"version-history":[{"count":1,"href":"https:\/\/zonaroja.com.mx\/index.php?rest_route=\/wp\/v2\/posts\/49674\/revisions"}],"predecessor-version":[{"id":49676,"href":"https:\/\/zonaroja.com.mx\/index.php?rest_route=\/wp\/v2\/posts\/49674\/revisions\/49676"}],"wp:featuredmedia":[{"embeddable":true,"href":"https:\/\/zonaroja.com.mx\/index.php?rest_route=\/wp\/v2\/media\/49675"}],"wp:attachment":[{"href":"https:\/\/zonaroja.com.mx\/index.php?rest_route=%2Fwp%2Fv2%2Fmedia&parent=49674"}],"wp:term":[{"taxonomy":"category","embeddable":true,"href":"https:\/\/zonaroja.com.mx\/index.php?rest_route=%2Fwp%2Fv2%2Fcategories&post=49674"},{"taxonomy":"post_tag","embeddable":true,"href":"https:\/\/zonaroja.com.mx\/index.php?rest_route=%2Fwp%2Fv2%2Ftags&post=49674"}],"curies":[{"name":"wp","href":"https:\/\/api.w.org\/{rel}","templated":true}]}}