{"id":49681,"date":"2022-12-25T07:25:29","date_gmt":"2022-12-25T13:25:29","guid":{"rendered":"http:\/\/www.zonaroja.com.mx\/?p=49681"},"modified":"2022-12-25T07:25:31","modified_gmt":"2022-12-25T13:25:31","slug":"estarian-con-muerte-cerebral-dos-menores-con-rabia-humana-en-oaxaca","status":"publish","type":"post","link":"https:\/\/zonaroja.com.mx\/?p=49681","title":{"rendered":"Estar\u00edan con muerte cerebral dos menores con rabia humana en Oaxaca"},"content":{"rendered":"\n<p>Redacci\u00f3n\/Zona Roja.<\/p>\n\n\n\n<p>Oaxaca de Ju\u00e1rez, Oax., a 25 de diciembre de 2022.- Dos de tres menores que contrajeron rabia humana en San Lorenzo Texmelucan, Oaxaca, estar\u00edan graves de salud, con muerte cerebral, en el Hospital Civil \u201cDr. Aurelio Valdivieso\u201d de la ciudad de Oaxaca.<\/p>\n\n\n\n<p>Anoche, el Gobierno del Estado inform\u00f3 que, a trav\u00e9s de los Servicios de Salud de Oaxaca, se activ\u00f3 un protocolo de vigilancia epidemiol\u00f3gica, de prevenci\u00f3n y control por tres casos sospechosos de rabia humana en la localidad Palo de Lima de dicho municipio de la regi\u00f3n Sierra Sur.<\/p>\n\n\n\n<p>Detall\u00f3 que los pacientes de ocho, siete y dos a\u00f1os de edad de esa comunidad perteneciente al distrito de Sola de Vega, dentro de la regi\u00f3n Sierra Sur, se encuentran ingresados en el Hospital Civil \u00abDr. Aurelio Valdivieso\u00bb de Oaxaca de Ju\u00e1rez.<\/p>\n\n\n\n<p>\u201cDos de ellos se reportan como graves, y la tercer paciente al momento se encuentra estable, bajo vigilancia m\u00e9dica. Se realizaron pruebas de laboratorio las cuales se enviaron para an\u00e1lisis al Instituto de Diagn\u00f3stico y Referencia Epidemiol\u00f3gicos (Indre), con el fin de confirmar o descartar la presencia del virus\u201d, indic\u00f3.<\/p>\n\n\n\n<p>Agreg\u00f3 que ante este hecho, personal federal del programa de Rabia y otras Zoonosis del Centro Nacional de Programas Preventivos y Control de Enfermedades (Cenaprece), as\u00ed como del Programa Estatal de Rabia, y del IMSS Bienestar, procedieron de inmediato a realizar las acciones de vigilancia en la localidad e identificaci\u00f3n de contactos de riesgo.<\/p>\n\n\n\n<p>Recomend\u00f3 a la poblaci\u00f3n, en caso de presentar una agresi\u00f3n de animales dom\u00e9sticos o silvestres, acudir y reportar al servicio m\u00e9dico para iniciar el protocolo de atenci\u00f3n que permita identificar a tiempo la presencia del virus.<\/p>\n\n\n\n<p>As\u00ed tambi\u00e9n evitar tocar o acercarse a animales silvestres; mantener la basura en contenedores bien tapados, las puertas, ventanas y dem\u00e1s entradas de las casas para impedir el paso de la fauna. Aunado a revisar las cartillas de vacunaci\u00f3n de los animales de compa\u00f1\u00eda para evitar que se enfermen.<\/p>\n","protected":false},"excerpt":{"rendered":"<p>Redacci\u00f3n\/Zona Roja. Oaxaca de Ju\u00e1rez, Oax., a 25 de diciembre de 2022.- Dos de tres&hellip;<\/p>\n","protected":false},"author":2,"featured_media":49682,"comment_status":"closed","ping_status":"open","sticky":false,"template":"","format":"standard","meta":{"_lmt_disableupdate":"","_lmt_disable":"","_jetpack_memberships_contains_paid_content":false,"footnotes":""},"categories":[109,47],"tags":[2292],"class_list":["post-49681","post","type-post","status-publish","format-standard","has-post-thumbnail","hentry","category-minuto-a-minuto","category-zona-gris","tag-san-lorenzo-texmelucan"],"jetpack_featured_media_url":"https:\/\/zonaroja.com.mx\/wp-content\/uploads\/2022\/12\/San-Lorenzo-Texmelucan.jpeg","jetpack_sharing_enabled":true,"_links":{"self":[{"href":"https:\/\/zonaroja.com.mx\/index.php?rest_route=\/wp\/v2\/posts\/49681","targetHints":{"allow":["GET"]}}],"collection":[{"href":"https:\/\/zonaroja.com.mx\/index.php?rest_route=\/wp\/v2\/posts"}],"about":[{"href":"https:\/\/zonaroja.com.mx\/index.php?rest_route=\/wp\/v2\/types\/post"}],"author":[{"embeddable":true,"href":"https:\/\/zonaroja.com.mx\/index.php?rest_route=\/wp\/v2\/users\/2"}],"replies":[{"embeddable":true,"href":"https:\/\/zonaroja.com.mx\/index.php?rest_route=%2Fwp%2Fv2%2Fcomments&post=49681"}],"version-history":[{"count":1,"href":"https:\/\/zonaroja.com.mx\/index.php?rest_route=\/wp\/v2\/posts\/49681\/revisions"}],"predecessor-version":[{"id":49683,"href":"https:\/\/zonaroja.com.mx\/index.php?rest_route=\/wp\/v2\/posts\/49681\/revisions\/49683"}],"wp:featuredmedia":[{"embeddable":true,"href":"https:\/\/zonaroja.com.mx\/index.php?rest_route=\/wp\/v2\/media\/49682"}],"wp:attachment":[{"href":"https:\/\/zonaroja.com.mx\/index.php?rest_route=%2Fwp%2Fv2%2Fmedia&parent=49681"}],"wp:term":[{"taxonomy":"category","embeddable":true,"href":"https:\/\/zonaroja.com.mx\/index.php?rest_route=%2Fwp%2Fv2%2Fcategories&post=49681"},{"taxonomy":"post_tag","embeddable":true,"href":"https:\/\/zonaroja.com.mx\/index.php?rest_route=%2Fwp%2Fv2%2Ftags&post=49681"}],"curies":[{"name":"wp","href":"https:\/\/api.w.org\/{rel}","templated":true}]}}