{"id":49684,"date":"2022-12-25T09:00:00","date_gmt":"2022-12-25T15:00:00","guid":{"rendered":"http:\/\/www.zonaroja.com.mx\/?p=49684"},"modified":"2022-12-25T07:36:54","modified_gmt":"2022-12-25T13:36:54","slug":"vientos-de-norte-derriban-seis-traileres-en-un-dia-en-el-istmo","status":"publish","type":"post","link":"https:\/\/zonaroja.com.mx\/?p=49684","title":{"rendered":"Vientos de \u201cnorte\u201d derriban seis tr\u00e1ileres en un d\u00eda en el Istmo"},"content":{"rendered":"\n<p>Redacci\u00f3n\/Zona Roja.<\/p>\n\n\n\n<p>Oaxaca de Ju\u00e1rez, Oax., a 25 de diciembre de 2022.- Los intensos vientos de \u201cnorte\u201d en la regi\u00f3n del Istmo de Tehuantepec han provocado el derribo de al menos seis tractocamiones.<\/p>\n\n\n\n<p>Los hechos sucedieron durante este s\u00e1bado en la carretera Panamericana, tramo La Venta-La Ventosa, Juchit\u00e1n de Zaragoza.<\/p>\n\n\n\n<p>De acuerdo con autoridades de protecci\u00f3n civil, los fuertes vientos, con rachas de hasta 140 kil\u00f3metros por hora, son provocados por el Frente Fr\u00edo n\u00famero 19.<\/p>\n\n\n\n<p>Desde la ma\u00f1ana de ayer, la Coordinaci\u00f3n Estatal de Protecci\u00f3n Civil emiti\u00f3 avisos de alerta y restringi\u00f3 el paso de veh\u00edculos pesados, principalmente con cajas vac\u00edas, desde Santo Domingo Ingenio hasta La Ventosa.<\/p>\n\n\n\n<p>De la misma manera, implementa un operativo de prevenci\u00f3n, con la finalidad de advertir a los transportistas de carga pesada evitar circular la zona y esperar a que pase el temporal.<\/p>\n\n\n\n<p>Inform\u00f3 que el viento de \u201cnorte\u201d es generado adem\u00e1s por una masa de aire polar que impacta tambi\u00e9n el Golfo de Tehuantepec, donde se advierten oleajes de tres a cuatro metros de altura.<\/p>\n\n\n\n<p>Los efectos permanecen por al menos 72 horas, report\u00f3 la delegaci\u00f3n de Protecci\u00f3n Civil en el Istmo.<\/p>\n","protected":false},"excerpt":{"rendered":"<p>Redacci\u00f3n\/Zona Roja. Oaxaca de Ju\u00e1rez, Oax., a 25 de diciembre de 2022.- Los intensos vientos&hellip;<\/p>\n","protected":false},"author":2,"featured_media":49655,"comment_status":"closed","ping_status":"open","sticky":false,"template":"","format":"standard","meta":{"_lmt_disableupdate":"","_lmt_disable":"","_jetpack_memberships_contains_paid_content":false,"footnotes":""},"categories":[109,47],"tags":[],"class_list":["post-49684","post","type-post","status-publish","format-standard","has-post-thumbnail","hentry","category-minuto-a-minuto","category-zona-gris"],"jetpack_featured_media_url":"https:\/\/zonaroja.com.mx\/wp-content\/uploads\/2022\/12\/Volcadura-trailer-norte-Istmo.jpg","jetpack_sharing_enabled":true,"_links":{"self":[{"href":"https:\/\/zonaroja.com.mx\/index.php?rest_route=\/wp\/v2\/posts\/49684","targetHints":{"allow":["GET"]}}],"collection":[{"href":"https:\/\/zonaroja.com.mx\/index.php?rest_route=\/wp\/v2\/posts"}],"about":[{"href":"https:\/\/zonaroja.com.mx\/index.php?rest_route=\/wp\/v2\/types\/post"}],"author":[{"embeddable":true,"href":"https:\/\/zonaroja.com.mx\/index.php?rest_route=\/wp\/v2\/users\/2"}],"replies":[{"embeddable":true,"href":"https:\/\/zonaroja.com.mx\/index.php?rest_route=%2Fwp%2Fv2%2Fcomments&post=49684"}],"version-history":[{"count":1,"href":"https:\/\/zonaroja.com.mx\/index.php?rest_route=\/wp\/v2\/posts\/49684\/revisions"}],"predecessor-version":[{"id":49685,"href":"https:\/\/zonaroja.com.mx\/index.php?rest_route=\/wp\/v2\/posts\/49684\/revisions\/49685"}],"wp:featuredmedia":[{"embeddable":true,"href":"https:\/\/zonaroja.com.mx\/index.php?rest_route=\/wp\/v2\/media\/49655"}],"wp:attachment":[{"href":"https:\/\/zonaroja.com.mx\/index.php?rest_route=%2Fwp%2Fv2%2Fmedia&parent=49684"}],"wp:term":[{"taxonomy":"category","embeddable":true,"href":"https:\/\/zonaroja.com.mx\/index.php?rest_route=%2Fwp%2Fv2%2Fcategories&post=49684"},{"taxonomy":"post_tag","embeddable":true,"href":"https:\/\/zonaroja.com.mx\/index.php?rest_route=%2Fwp%2Fv2%2Ftags&post=49684"}],"curies":[{"name":"wp","href":"https:\/\/api.w.org\/{rel}","templated":true}]}}