{"id":49689,"date":"2022-12-25T18:17:24","date_gmt":"2022-12-26T00:17:24","guid":{"rendered":"http:\/\/www.zonaroja.com.mx\/?p=49689"},"modified":"2022-12-25T18:17:26","modified_gmt":"2022-12-26T00:17:26","slug":"roja-primavera-ejecutan-a-individuo-en-el-istmo-van-3-en-24-horas","status":"publish","type":"post","link":"https:\/\/zonaroja.com.mx\/?p=49689","title":{"rendered":"\u201cRoja primavera\u201d: ejecutan a individuo en el Istmo; van 3 en 24 horas"},"content":{"rendered":"\n<p>Ismael Garc\u00eda M.\/Zona Roja.<\/p>\n\n\n\n<p>Oaxaca de Ju\u00e1rez, Oax., a 25 de noviembre de 2022.- En 24 horas, tres personas han sido asesinas a balazos en la regi\u00f3n del Istmo de Tehuantepec.<\/p>\n\n\n\n<p>El m\u00e1s reciente caso ocurri\u00f3 la tarde de este d\u00eda de Navidad, en que ultimaron a un individuo en la carretera que conduce de Santo Domingo Tehuantepec a Santa Mar\u00eda Mixtequilla.<\/p>\n\n\n\n<p>Se trata de un repartidor de tortilla en motocicleta, conocidos como \u201cmototortilleros\u201d, identificado de manera preliminar como Jorge Andr\u00e9s M. V., de 22 a\u00f1os de edad, originario y vecino del municipio de Mixtequilla.<\/p>\n\n\n\n<p>Sujetos armados lo interceptaron mientras circulaba con su motocicleta y le dispararon; param\u00e9dicos arribaron al lugar para brindarle las primeras atenciones, pero corroboraron que ya hab\u00eda perdido la vida.<\/p>\n\n\n\n<p>Personal de la Vicefiscal\u00eda Regional del Istmo inici\u00f3 las investigaciones correspondientes.<\/p>\n\n\n\n<p>Apenas ayer s\u00e1bado, fueron ejecutadas a balazos otras dos personas, una de ellas en Juchit\u00e1n de Zaragoza y la otra en el municipio de Mat\u00edas Romero Avenda\u00f1o; en los tres casos recientes no hay personas detenidas.<\/p>\n","protected":false},"excerpt":{"rendered":"<p>Ismael Garc\u00eda M.\/Zona Roja. Oaxaca de Ju\u00e1rez, Oax., a 25 de noviembre de 2022.- En&hellip;<\/p>\n","protected":false},"author":2,"featured_media":49690,"comment_status":"closed","ping_status":"open","sticky":false,"template":"","format":"standard","meta":{"_lmt_disableupdate":"","_lmt_disable":"","_jetpack_memberships_contains_paid_content":false,"footnotes":""},"categories":[109,51],"tags":[125],"class_list":["post-49689","post","type-post","status-publish","format-standard","has-post-thumbnail","hentry","category-minuto-a-minuto","category-zona-roja","tag-santo-domingo-tehuantepec"],"jetpack_featured_media_url":"https:\/\/zonaroja.com.mx\/wp-content\/uploads\/2022\/12\/Ejecutado-Tehuantepec-Mixtequilla.jpg","jetpack_sharing_enabled":true,"_links":{"self":[{"href":"https:\/\/zonaroja.com.mx\/index.php?rest_route=\/wp\/v2\/posts\/49689","targetHints":{"allow":["GET"]}}],"collection":[{"href":"https:\/\/zonaroja.com.mx\/index.php?rest_route=\/wp\/v2\/posts"}],"about":[{"href":"https:\/\/zonaroja.com.mx\/index.php?rest_route=\/wp\/v2\/types\/post"}],"author":[{"embeddable":true,"href":"https:\/\/zonaroja.com.mx\/index.php?rest_route=\/wp\/v2\/users\/2"}],"replies":[{"embeddable":true,"href":"https:\/\/zonaroja.com.mx\/index.php?rest_route=%2Fwp%2Fv2%2Fcomments&post=49689"}],"version-history":[{"count":1,"href":"https:\/\/zonaroja.com.mx\/index.php?rest_route=\/wp\/v2\/posts\/49689\/revisions"}],"predecessor-version":[{"id":49691,"href":"https:\/\/zonaroja.com.mx\/index.php?rest_route=\/wp\/v2\/posts\/49689\/revisions\/49691"}],"wp:featuredmedia":[{"embeddable":true,"href":"https:\/\/zonaroja.com.mx\/index.php?rest_route=\/wp\/v2\/media\/49690"}],"wp:attachment":[{"href":"https:\/\/zonaroja.com.mx\/index.php?rest_route=%2Fwp%2Fv2%2Fmedia&parent=49689"}],"wp:term":[{"taxonomy":"category","embeddable":true,"href":"https:\/\/zonaroja.com.mx\/index.php?rest_route=%2Fwp%2Fv2%2Fcategories&post=49689"},{"taxonomy":"post_tag","embeddable":true,"href":"https:\/\/zonaroja.com.mx\/index.php?rest_route=%2Fwp%2Fv2%2Ftags&post=49689"}],"curies":[{"name":"wp","href":"https:\/\/api.w.org\/{rel}","templated":true}]}}