{"id":49692,"date":"2022-12-25T20:11:31","date_gmt":"2022-12-26T02:11:31","guid":{"rendered":"http:\/\/www.zonaroja.com.mx\/?p=49692"},"modified":"2022-12-25T20:11:33","modified_gmt":"2022-12-26T02:11:33","slug":"preven-temperaturas-de-0-a-5-grados-en-oaxaca","status":"publish","type":"post","link":"https:\/\/zonaroja.com.mx\/?p=49692","title":{"rendered":"Prev\u00e9n temperaturas de 0 a 5 grados en Oaxaca"},"content":{"rendered":"\n<p>Redacci\u00f3n\/Zona Roja.<\/p>\n\n\n\n<p>Oaxaca de Ju\u00e1rez, Oax., a 25 de diciembre de 2022.- El Servicio Meteorol\u00f3gico Nacional (SMN) alert\u00f3 que las bajas temperaturas continuar\u00e1n este lunes en la mayor parte del pa\u00eds, debido a la presencia del Frente Fr\u00edo n\u00famero 19 y una masa de aire \u00e1rtica.<\/p>\n\n\n\n<p>Se prev\u00e9n temperaturas m\u00ednimas de 0 a 5 grados cent\u00edgrados con posibles heladas con zonas monta\u00f1osas de Baja California, Sinaloa, Nayarit, Morelos, Oaxaca y Chiapas.<\/p>\n\n\n\n<p>As\u00ed mismo, se esperan lluvias intensas en Veracruz, Tabasco, Chiapas, Campeche, Yucat\u00e1n y Quintana Roo; y muy fuertes en Oaxaca.<\/p>\n\n\n\n<p>Adem\u00e1s, continuar\u00e1 el evento de \u201cNorte\u201d muy fuerte a intenso con oleaje elevado en el litoral del Golfo de M\u00e9xico y la Pen\u00ednsula de Yucat\u00e1n, adem\u00e1s del Istmo y Golfo de Tehuantepec.<\/p>\n\n\n\n<p>Se prev\u00e9n temperaturas m\u00ednimas de -15 a -10 \u00b0C con heladas en zonas monta\u00f1osas de Chihuahua, Durango, Coahuila y Nuevo Le\u00f3n.<\/p>\n\n\n\n<p>En tanto que habr\u00e1 temperaturas m\u00ednimas de -10 a -5 \u00b0C con heladas en zonas monta\u00f1osas de Zacatecas, San Luis Potos\u00ed y Tamaulipas.<\/p>\n\n\n\n<p>Igualmente temperaturas m\u00ednimas de -5 a 0 \u00b0C con heladas en zonas monta\u00f1osas de Sonora, Aguascalientes, Jalisco, Michoac\u00e1n, Estado de M\u00e9xico, Ciudad de M\u00e9xico, Guanajuato, Quer\u00e9taro, Hidalgo, Tlaxcala, Puebla y Veracruz.<\/p>\n\n\n\n<p>En tanto que contin\u00faa la probabilidad para la ca\u00edda de aguanieve o nieve con posible formaci\u00f3n de bancos de niebla o neblinas en zonas altas del centro y oriente del pa\u00eds como Quer\u00e9taro, Hidalgo, Estado de M\u00e9xico, Ciudad de M\u00e9xico, Tlaxcala, Puebla y Veracruz.<\/p>\n","protected":false},"excerpt":{"rendered":"<p>Redacci\u00f3n\/Zona Roja. Oaxaca de Ju\u00e1rez, Oax., a 25 de diciembre de 2022.- El Servicio Meteorol\u00f3gico&hellip;<\/p>\n","protected":false},"author":2,"featured_media":49693,"comment_status":"closed","ping_status":"open","sticky":false,"template":"","format":"standard","meta":{"_lmt_disableupdate":"","_lmt_disable":"","_jetpack_memberships_contains_paid_content":false,"footnotes":""},"categories":[109,47],"tags":[],"class_list":["post-49692","post","type-post","status-publish","format-standard","has-post-thumbnail","hentry","category-minuto-a-minuto","category-zona-gris"],"jetpack_featured_media_url":"https:\/\/zonaroja.com.mx\/wp-content\/uploads\/2022\/12\/Masa-de-aire-polar-Mexico.jpg","jetpack_sharing_enabled":true,"_links":{"self":[{"href":"https:\/\/zonaroja.com.mx\/index.php?rest_route=\/wp\/v2\/posts\/49692","targetHints":{"allow":["GET"]}}],"collection":[{"href":"https:\/\/zonaroja.com.mx\/index.php?rest_route=\/wp\/v2\/posts"}],"about":[{"href":"https:\/\/zonaroja.com.mx\/index.php?rest_route=\/wp\/v2\/types\/post"}],"author":[{"embeddable":true,"href":"https:\/\/zonaroja.com.mx\/index.php?rest_route=\/wp\/v2\/users\/2"}],"replies":[{"embeddable":true,"href":"https:\/\/zonaroja.com.mx\/index.php?rest_route=%2Fwp%2Fv2%2Fcomments&post=49692"}],"version-history":[{"count":1,"href":"https:\/\/zonaroja.com.mx\/index.php?rest_route=\/wp\/v2\/posts\/49692\/revisions"}],"predecessor-version":[{"id":49694,"href":"https:\/\/zonaroja.com.mx\/index.php?rest_route=\/wp\/v2\/posts\/49692\/revisions\/49694"}],"wp:featuredmedia":[{"embeddable":true,"href":"https:\/\/zonaroja.com.mx\/index.php?rest_route=\/wp\/v2\/media\/49693"}],"wp:attachment":[{"href":"https:\/\/zonaroja.com.mx\/index.php?rest_route=%2Fwp%2Fv2%2Fmedia&parent=49692"}],"wp:term":[{"taxonomy":"category","embeddable":true,"href":"https:\/\/zonaroja.com.mx\/index.php?rest_route=%2Fwp%2Fv2%2Fcategories&post=49692"},{"taxonomy":"post_tag","embeddable":true,"href":"https:\/\/zonaroja.com.mx\/index.php?rest_route=%2Fwp%2Fv2%2Ftags&post=49692"}],"curies":[{"name":"wp","href":"https:\/\/api.w.org\/{rel}","templated":true}]}}