{"id":49695,"date":"2022-12-26T07:50:00","date_gmt":"2022-12-26T13:50:00","guid":{"rendered":"http:\/\/www.zonaroja.com.mx\/?p=49695"},"modified":"2022-12-26T10:47:33","modified_gmt":"2022-12-26T16:47:33","slug":"opinion-el-respeto-a-la-prensa-de-dientes-para-fuera","status":"publish","type":"post","link":"https:\/\/zonaroja.com.mx\/?p=49695","title":{"rendered":"Opini\u00f3n. El respeto a la prensa, de dientes para fuera"},"content":{"rendered":"\n<p>Ismael Garc\u00eda M.\/Zona Roja.<\/p>\n\n\n\n<p>Oaxaca de Ju\u00e1rez, Oax., a 26 de diciembre de 2022.- M\u00e9xico vive muchas crisis, entre ellas la de seguridad, la econ\u00f3mica, la social.&nbsp;<\/p>\n\n\n\n<p>Pero una que deber\u00eda preocupar tambi\u00e9n a la sociedad es el continuo ataque a las y los periodistas: los asesinatos, las agresiones, la violencia generalizada, sea verbal o f\u00edsica.<\/p>\n\n\n\n<p>Y no porque sean un segmento poblacional privilegiado ni porque quienes ejerzan el oficio o profesi\u00f3n sean seres excepcionales. Simplemente porque son la correa, la transmisi\u00f3n, el enlace de comunicaci\u00f3n; la voz de los sin voz frente a los poderes, p\u00fablicos oficiales o de facto.<\/p>\n\n\n\n<p>Por eso llama la atenci\u00f3n que desde que asumi\u00f3 el poder, Andr\u00e9s Manuel L\u00f3pez Obrador se\u00f1ale frecuentemente a periodistas que lo cuestionan, que lo exhiben, que lo indagan.<\/p>\n\n\n\n<p>Aunque se ha centrado en algunos medios y algunos comunicadores, sus se\u00f1alamientos no dejan de crear un ambiente de crispaci\u00f3n y de odio por parte de sus seguidores hacia la prensa formal.<\/p>\n\n\n\n<p>AMLO Y EL P\u00daLPITO<\/p>\n\n\n\n<p>El caso que reaviv\u00f3 esta problem\u00e1tica es el atentado que sufri\u00f3 Ciro G\u00f3mez Leyva, periodista que no se ha distinguido por su sumisi\u00f3n al poder y que mantiene programas, en radio y televisi\u00f3n, cr\u00edticos.<\/p>\n\n\n\n<p>El pasado 15 de diciembre, minutos despu\u00e9s de las 23:00 horas, sujetos armados dispararon en contra de la camioneta del comunicador que, debido al blindaje de la unidad de motor, result\u00f3 ileso.<\/p>\n\n\n\n<p>Las condenas -y la preocupaci\u00f3n- se extendieron a nivel mundial, incluso del Presidente L\u00f3pez Obrador que, lamentablemente, cambi\u00f3 radicalmente de opini\u00f3n.<\/p>\n\n\n\n<p>Primero sugiri\u00f3 que el atentado pudo haber venido de grupos del crimen organizado y despu\u00e9s que era para afectar a su gobierno.<\/p>\n\n\n\n<p>Pero no es lo \u00fanico que ha declarado el mandatario del Partido Morena, para denostar a quienes considera sus enemigos. Por estos d\u00edas circula un video que resume sus principales frases en contra de los medios y periodistas, acompa\u00f1ado de nombres de las v\u00edctimas:<\/p>\n\n\n\n<p>\u201cYa ven c\u00f3mo es el hampa del periodismo\u201d, \u201cY ah\u00ed viene lo de la prensa fifi\u201d, \u201cLe muerden la mano a quien les quit\u00f3 el bozal\u201d, \u201cPrensa fifi, son nuestros adversarios\u201d. \u201cSe dedican a cuestionar y a veces a calumniarnos\u201d. \u201cEs una prensa convencional, la de M\u00e9xico, muy corrupta\u201d. \u201cCu\u00e1nto les dan para atacarme\u201d. \u201cEs prensa vendida o alquilada\u201d. \u201cNada bueno se puede esperar de pol\u00edticos corruptos, de la prensa que se vende o se alquila\u201d. \u201cUn periodismo al servicio de grupos creados, de mafias\u201d. \u201cEs una prensa vendida, alquilada, una prensa corrupta\u201d\u2026<\/p>\n\n\n\n<p>Son parte de algunas frases que ha repetido vez tras vez en su p\u00falpito presidencial, odio que ha sido alimentado a trav\u00e9s de las redes sociales y que, en consecuencia, muchos de sus fan\u00e1ticos buscan concretar con hechos.<\/p>\n\n\n\n<p>Evidentemente que s\u00ed hay prensa vendida y corrupta; periodistas vendidos y corruptos, incluso al servicio del poder presidencial, federal, estatal o municipal. Hay que se\u00f1alarlos, s\u00ed, con nombre y apellido, principalmente a los due\u00f1os de grandes medios de comunicaci\u00f3n.<\/p>\n\n\n\n<p>Pero de eso a generalizar, s\u00f3lo ha originado linchamiento, un clima de mayor riesgo para las y los periodistas.&nbsp;<\/p>\n\n\n\n<p>El saldo fatal en este a\u00f1o en M\u00e9xico es el crimen de al menos 13 comunicadores, entre ellos H\u00e9ber L\u00f3pez, de Oaxaca, el 10 de febrero pasado.&nbsp;<\/p>\n\n\n\n<p>En octubre pasado, el gobierno mexicano report\u00f3 un total de 260 periodistas asesinados en los \u00faltimos tres sexenios, con 63 de ellos en lo que va de la presidencia de Andr\u00e9s Manuel L\u00f3pez Obrador, que comenz\u00f3 el primero de diciembre de 2018.<\/p>\n\n\n\n<p>El subsecretario de Derechos Humanos del Gobierno, Alejandro Encinas, contabiliz\u00f3 13 asesinatos de comunicadores en lo que va del a\u00f1o, aunque la Sociedad Interamericana de Prensa (SIP) registra 18. Lamentablemente, la cifra crecer\u00e1, adem\u00e1s de la impunidad.<\/p>\n\n\n\n<p>\u00bfY OAXACA?<\/p>\n\n\n\n<p>En la mayor\u00eda de los sexenios, el desd\u00e9n a la prensa ha sido la constante, pero se agudiz\u00f3 con Alejandro Murat Hinojosa.<\/p>\n\n\n\n<p>Tuvo a dos titulares de Comunicaci\u00f3n Social originarios de la ciudad de M\u00e9xico, que desconocieron en absoluto el trabajo local y optaron por destinar, al menos 400 millones cada a\u00f1o, para medios informativos nacionales.<\/p>\n\n\n\n<p>Hay testimonios de varios medios que desaparecieron, entre ellos impresos. Y no queremos decir que es responsabilidad del gobierno mantenerlos, pero s\u00ed dar preferencia a la prensa local en la contrataci\u00f3n publicitaria, pues al final es dinero de los contribuyentes, no de un gobernante en particular.<\/p>\n\n\n\n<p>Pero por si fuera poco, las agresiones a la prensa han sido constantes, como tambi\u00e9n la menor importancia para indagar y atender; el autor de esta columna tiene por lo menos dos denuncias formales presentadas s\u00f3lo este a\u00f1o, ninguna ha avanzado.<\/p>\n\n\n\n<p>Tras el asesinato de H\u00e9ber L\u00f3pez, en febrero pasado, Murat Hinojosa, acompa\u00f1ado de varios funcionarios, entre ellos el fiscal Arturo Peimbert, el 16 de febrero se reuni\u00f3n con un selecto grupo de comunicadores oaxaque\u00f1os y ah\u00ed hizo compromisos:<\/p>\n\n\n\n<p>\u201cPara que exista siempre una atm\u00f3sfera de seguridad en el ejercicio de la libertad de expresi\u00f3n y estoy aqu\u00ed para que tambi\u00e9n me transmitan qu\u00e9 m\u00e1s debemos hacer, porque tambi\u00e9n ustedes me pueden orientar en temas que hayan vivido y que la autoridad pueda reaccionar r\u00e1pidamente. En lo que ustedes consideren, nosotros estamos listos para actuar.<\/p>\n\n\n\n<p>\u201cEn donde ha habido casos espec\u00edficos, donde yo m\u00e1s me ocupo es que haya justicia, que no haya impunidad, como el \u00faltimo lamentable caso. Esa es la acci\u00f3n que queremos hacer con ustedes\u201d, dijo entonces, adem\u00e1s de comprometerse a mantener reuniones de manera continua.<\/p>\n\n\n\n<p>No cumpli\u00f3. Despu\u00e9s de ese encuentro, jam\u00e1s se volvi\u00f3 a reunir con la prensa. La herencia de Alejandro Murat es de al menos 176 agresiones y tres asesinatos de periodistas y Oaxaca se ha distinguido a nivel nacional por el mayor n\u00famero de ataques. Todos, todos, impunes.<\/p>\n\n\n\n<p>QU\u00c9 SIGUE<\/p>\n\n\n\n<p>\u00bfQu\u00e9 se espera de Salom\u00f3n Jara Cruz? Tambi\u00e9n, es m\u00e1s que obvio, que el respeto a la prensa es de dientes para fuera. Pese a que los morenistas dicen amar y respetar las libertades y que procuran ser y hacer un gobierno diferente.<\/p>\n\n\n\n<p>Inici\u00f3 con el pie izquierdo con el menosprecio hacia un oaxaque\u00f1o, William Bautista, de cuya trayectoria -escasa por cierto- el propio mandatario resalt\u00f3, el 13 de noviembre pasado, para hacerse cargo de la comunicaci\u00f3n social gubernamental.<\/p>\n\n\n\n<p>Sin embargo, el 1 de diciembre ya no apareci\u00f3 en lista de los designados y en su lugar nombr\u00f3 a Elizabeth \u00c1lvarez Acosta, originaria de la Ciudad de M\u00e9xico.<\/p>\n\n\n\n<p>Pero en el colmo, por esos d\u00edas se difundi\u00f3 un audio en que se revelaba que quien en realidad manda, ordena, impone, en el \u00e1rea de comunicaci\u00f3n y en el gabinete, es su asesor argentino, Ren\u00e9 Palacios.<\/p>\n\n\n\n<p>Y d\u00edas despu\u00e9s, Salom\u00f3n Jara no lo desminti\u00f3, sino al contrario acept\u00f3 que es su asesor, pero justific\u00f3 que tambi\u00e9n en sexenios anteriores ha habido extranjeros.<\/p>\n\n\n\n<p>Y no es que no se quiera, o se reprochen designaciones de extranjeros o ajenos a Oaxaca. No. Lo que sucede es que este gobierno de la autollamada Cuarta Transformaci\u00f3n o de la \u201cprimavera oaxaque\u00f1a\u201d, ha ofrecido ser diferente; ha criticado que en sexenios anteriores -como el de Murat con sus mexiquenses- halla contratado a funcionarios ajenos al estado. Es decir, es contradictorio e incumple sus propias declaraciones.<\/p>\n\n\n\n<p>Pero no es todo. Apenas inici\u00f3 el sexenio y el asesor argentino impuso, literalmente, una prohibici\u00f3n para que los funcionarios no hagan declaraciones a la prensa. Apenas el pasado 21 de diciembre, durante un convivio con periodistas precisamente, varios colegas intentaron entrevistar a titulares de \u00e1reas y la respuesta fue siempre: no est\u00e1n autorizados y se debe pedir permiso a comunicaci\u00f3n social.<\/p>\n\n\n\n<p>Apenas la ma\u00f1ana del 23 de diciembre, de nueva cuenta un comunicador literalmente fue jaloneado para no realizar entrevistas en el interior del Palacio de Gobierno.<\/p>\n\n\n\n<p>En cambio, el argentino ide\u00f3 una conferencia matutina cada lunes, pero selecta, con un reducido grupo de comunicadores, mecanismo que en ninguna parte del mundo funciona.<\/p>\n\n\n\n<p>S\u00ed, en repetidas ocasiones el gobernador ha dicho que respeta a la prensa, pero impida que se ejerza esa libertad de expresi\u00f3n. Y, adem\u00e1s, aplicar\u00e1 su h\u00edgado, no el razonamiento ni las estad\u00edsticas, para premiar o castigar a los medios informativos en materia publicitaria. \u00bfTolerancia a la prensa cr\u00edtica? Lo dudamos.<\/p>\n","protected":false},"excerpt":{"rendered":"<p>Ismael Garc\u00eda M.\/Zona Roja. Oaxaca de Ju\u00e1rez, Oax., a 26 de diciembre de 2022.- M\u00e9xico&hellip;<\/p>\n","protected":false},"author":2,"featured_media":41735,"comment_status":"closed","ping_status":"open","sticky":false,"template":"","format":"standard","meta":{"_lmt_disableupdate":"","_lmt_disable":"","_jetpack_memberships_contains_paid_content":false,"footnotes":""},"categories":[456,109,48],"tags":[1353],"class_list":["post-49695","post","type-post","status-publish","format-standard","has-post-thumbnail","hentry","category-columna","category-minuto-a-minuto","category-zona-critica","tag-opinion-zona-critica"],"jetpack_featured_media_url":"https:\/\/zonaroja.com.mx\/wp-content\/uploads\/2022\/05\/Opinion-Ismael-Garcia-M.jpg","jetpack_sharing_enabled":true,"_links":{"self":[{"href":"https:\/\/zonaroja.com.mx\/index.php?rest_route=\/wp\/v2\/posts\/49695","targetHints":{"allow":["GET"]}}],"collection":[{"href":"https:\/\/zonaroja.com.mx\/index.php?rest_route=\/wp\/v2\/posts"}],"about":[{"href":"https:\/\/zonaroja.com.mx\/index.php?rest_route=\/wp\/v2\/types\/post"}],"author":[{"embeddable":true,"href":"https:\/\/zonaroja.com.mx\/index.php?rest_route=\/wp\/v2\/users\/2"}],"replies":[{"embeddable":true,"href":"https:\/\/zonaroja.com.mx\/index.php?rest_route=%2Fwp%2Fv2%2Fcomments&post=49695"}],"version-history":[{"count":2,"href":"https:\/\/zonaroja.com.mx\/index.php?rest_route=\/wp\/v2\/posts\/49695\/revisions"}],"predecessor-version":[{"id":49716,"href":"https:\/\/zonaroja.com.mx\/index.php?rest_route=\/wp\/v2\/posts\/49695\/revisions\/49716"}],"wp:featuredmedia":[{"embeddable":true,"href":"https:\/\/zonaroja.com.mx\/index.php?rest_route=\/wp\/v2\/media\/41735"}],"wp:attachment":[{"href":"https:\/\/zonaroja.com.mx\/index.php?rest_route=%2Fwp%2Fv2%2Fmedia&parent=49695"}],"wp:term":[{"taxonomy":"category","embeddable":true,"href":"https:\/\/zonaroja.com.mx\/index.php?rest_route=%2Fwp%2Fv2%2Fcategories&post=49695"},{"taxonomy":"post_tag","embeddable":true,"href":"https:\/\/zonaroja.com.mx\/index.php?rest_route=%2Fwp%2Fv2%2Ftags&post=49695"}],"curies":[{"name":"wp","href":"https:\/\/api.w.org\/{rel}","templated":true}]}}