{"id":4970,"date":"2019-10-19T21:38:28","date_gmt":"2019-10-20T02:38:28","guid":{"rendered":"http:\/\/www.zonaroja.com.mx\/?p=4970"},"modified":"2019-10-19T21:38:32","modified_gmt":"2019-10-20T02:38:32","slug":"tras-evadir-protesta-de-victimas-de-nochixtlan-amlo-los-atiende-en-cuicatlan","status":"publish","type":"post","link":"https:\/\/zonaroja.com.mx\/?p=4970","title":{"rendered":"Tras evadir protesta de v\u00edctimas de Nochixtl\u00e1n, AMLO los atiende en Cuicatl\u00e1n"},"content":{"rendered":"\n<p>Ismael Garc\u00eda M.\/Zona Roja.<\/p>\n\n\n\n<p>Asunci\u00f3n Nochixtl\u00e1n, Oax., 19 de junio\nde 2019.- El Presidente de M\u00e9xico, Andr\u00e9s Manuel L\u00f3pez Obrador, evadi\u00f3 a los\nfamiliares de las v\u00edctimas del 19 de junio de 2016 que lo esperaban para\nentregarle su petici\u00f3n por escrito.<\/p>\n\n\n\n<p>Sin embargo, el mandatario mexicano y\nsu comitiva ingresaron a Nochixtl\u00e1n por otro acceso carretero, para presidir un\nencuentro con pueblos ind\u00edgenas mixteco y chocholteca, al lado del director del\nInstituto Nacional de Pueblos Ind\u00edgenas, Adelfo Regino Montes, y el gobernador\nAlejandro Murat Hinojosa.<\/p>\n\n\n\n<p>Alrededor de las nueve de la ma\u00f1ana, un\ncentenar de pobladores y activistas se concentr\u00f3 en el monumento a los ca\u00eddos\nhace tres a\u00f1os, para efectuar un homenaje a las ocho v\u00edctimas, respaldados por\nla Secci\u00f3n 22 del SNTE.<\/p>\n\n\n\n<p>Tras ello, con cartulinas y mantas, esperaron la llegada de L\u00f3pez Obrador, que proced\u00eda de la ciudad de Oaxaca; previamente enviados de la Secretar\u00eda General de Gobierno ya hab\u00edan dialogado con ellos y el acuerdo era no protestar, sino \u00fanicamente entregarles un documento.<\/p>\n\n\n\n<figure class=\"wp-block-embed-twitter wp-block-embed is-type-rich is-provider-twitter\"><div class=\"wp-block-embed__wrapper\">\n<div class=\"twitter-tweet\"><blockquote class=\"twitter-tweet\" data-lang=\"es\"><p lang=\"es\" dir=\"ltr\"><a href=\"https:\/\/twitter.com\/hashtag\/OaxacaGris?src=hash&amp;ref_src=twsrc%5Etfw\">#OaxacaGris<\/a><br>En Asunci\u00f3n Nochixtl\u00e1n, el Comit\u00e9 de V\u00edctimas inicia acciones, con el homenaje a los ca\u00eddos del 19 de junio de 2016; prev\u00e9n protestar en la visita de <a href=\"https:\/\/twitter.com\/lopezobrador_?ref_src=twsrc%5Etfw\">@lopezobrador_<\/a>. <a href=\"https:\/\/t.co\/XAOAxqnqnp\">pic.twitter.com\/XAOAxqnqnp<\/a><\/p>&mdash; Zona Roja Oaxaca (@MexRoja) <a href=\"https:\/\/twitter.com\/MexRoja\/status\/1185585699657076737?ref_src=twsrc%5Etfw\">19 de octubre de 2019<\/a><\/blockquote><\/div>\n<\/div><\/figure>\n\n\n\n<p>Sin embargo, a eso de las 11:00 de la\nma\u00f1ana, el Presidente de M\u00e9xico <\/p>\n\n\n\n<p>Durante su mensaje en la sede del Centro\nCoordinador Indigenista, L\u00f3pez Obrador reprob\u00f3 la violencia usada el 19 de\njunio de 2016 y dijo que nunca m\u00e1s ocurrir\u00eda un hecho similar.<\/p>\n\n\n\n<p>Dijo que se da y seguir\u00e1 dando todo el\nrespaldo a los familiares de las v\u00edctimas y los lesionados; no obstante, en\np\u00fablico no hizo un pronunciamiento acerca de la justicia que demandan los\nafectados.<\/p>\n\n\n\n<p>Una comitiva del Comit\u00e9 de V\u00edctimas de Nochixtl\u00e1n se traslad\u00f3 a San Juan Bautista Cuicatl\u00e1n, sede del segundo encuentro del mandatario federal, donde al final lograron dialogar con L\u00f3pez Obrador, quien recibi\u00f3 el documento y se comprometi\u00f3 a revisar y atender la demanda de justicia, a trav\u00e9s del subsecretario de la Secretar\u00eda de Gobernaci\u00f3n, Alejandro Encinas.<\/p>\n\n\n\n<figure class=\"wp-block-image\"><img decoding=\"async\" width=\"1024\" height=\"768\" src=\"http:\/\/www.zonaroja.com.mx\/wp-content\/uploads\/2019\/10\/IMG_9919-1024x768.jpg\" alt=\"\" class=\"wp-image-4971\" srcset=\"https:\/\/zonaroja.com.mx\/wp-content\/uploads\/2019\/10\/IMG_9919-1024x768.jpg 1024w, https:\/\/zonaroja.com.mx\/wp-content\/uploads\/2019\/10\/IMG_9919-300x225.jpg 300w, https:\/\/zonaroja.com.mx\/wp-content\/uploads\/2019\/10\/IMG_9919-768x576.jpg 768w, https:\/\/zonaroja.com.mx\/wp-content\/uploads\/2019\/10\/IMG_9919-585x439.jpg 585w, https:\/\/zonaroja.com.mx\/wp-content\/uploads\/2019\/10\/IMG_9919.jpg 1040w\" sizes=\"(max-width: 1024px) 100vw, 1024px\" \/><\/figure>\n","protected":false},"excerpt":{"rendered":"<p>Ismael Garc\u00eda M.\/Zona Roja. Asunci\u00f3n Nochixtl\u00e1n, Oax., 19 de junio de 2019.- El Presidente de&hellip;<\/p>\n","protected":false},"author":2,"featured_media":4972,"comment_status":"closed","ping_status":"open","sticky":false,"template":"","format":"standard","meta":{"_lmt_disableupdate":"","_lmt_disable":"","_jetpack_memberships_contains_paid_content":false,"footnotes":""},"categories":[109,47],"tags":[143,128,249],"class_list":["post-4970","post","type-post","status-publish","format-standard","has-post-thumbnail","hentry","category-minuto-a-minuto","category-zona-gris","tag-andres-manuel-lopez-obrador","tag-asuncion-nochixtlan","tag-comite-de-victimas-nochixtlan"],"jetpack_featured_media_url":"https:\/\/zonaroja.com.mx\/wp-content\/uploads\/2019\/10\/da2da631-fd91-4746-9357-b98a48892891.jpg","jetpack_sharing_enabled":true,"_links":{"self":[{"href":"https:\/\/zonaroja.com.mx\/index.php?rest_route=\/wp\/v2\/posts\/4970","targetHints":{"allow":["GET"]}}],"collection":[{"href":"https:\/\/zonaroja.com.mx\/index.php?rest_route=\/wp\/v2\/posts"}],"about":[{"href":"https:\/\/zonaroja.com.mx\/index.php?rest_route=\/wp\/v2\/types\/post"}],"author":[{"embeddable":true,"href":"https:\/\/zonaroja.com.mx\/index.php?rest_route=\/wp\/v2\/users\/2"}],"replies":[{"embeddable":true,"href":"https:\/\/zonaroja.com.mx\/index.php?rest_route=%2Fwp%2Fv2%2Fcomments&post=4970"}],"version-history":[{"count":1,"href":"https:\/\/zonaroja.com.mx\/index.php?rest_route=\/wp\/v2\/posts\/4970\/revisions"}],"predecessor-version":[{"id":4973,"href":"https:\/\/zonaroja.com.mx\/index.php?rest_route=\/wp\/v2\/posts\/4970\/revisions\/4973"}],"wp:featuredmedia":[{"embeddable":true,"href":"https:\/\/zonaroja.com.mx\/index.php?rest_route=\/wp\/v2\/media\/4972"}],"wp:attachment":[{"href":"https:\/\/zonaroja.com.mx\/index.php?rest_route=%2Fwp%2Fv2%2Fmedia&parent=4970"}],"wp:term":[{"taxonomy":"category","embeddable":true,"href":"https:\/\/zonaroja.com.mx\/index.php?rest_route=%2Fwp%2Fv2%2Fcategories&post=4970"},{"taxonomy":"post_tag","embeddable":true,"href":"https:\/\/zonaroja.com.mx\/index.php?rest_route=%2Fwp%2Fv2%2Ftags&post=4970"}],"curies":[{"name":"wp","href":"https:\/\/api.w.org\/{rel}","templated":true}]}}