{"id":49702,"date":"2022-12-26T07:27:45","date_gmt":"2022-12-26T13:27:45","guid":{"rendered":"http:\/\/www.zonaroja.com.mx\/?p=49702"},"modified":"2022-12-26T07:27:46","modified_gmt":"2022-12-26T13:27:46","slug":"sesiona-hoy-el-congreso-de-oaxaca-por-vacante-en-fiscalia","status":"publish","type":"post","link":"https:\/\/zonaroja.com.mx\/?p=49702","title":{"rendered":"Sesiona hoy el Congreso de Oaxaca por vacante en Fiscal\u00eda"},"content":{"rendered":"\n<p>Redacci\u00f3n\/Zona Roja.<\/p>\n\n\n\n<p>Oaxaca de Ju\u00e1rez, Oax., a 26 de diciembre de 2022.- La presidenta de la Mesa Directiva de la 65 Legislatura de Oaxaca convoc\u00f3 hoy a una sesi\u00f3n extraordinaria del pleno, a realizarse de manera virtual.<\/p>\n\n\n\n<p>Con ello iniciar\u00eda el proceso para cubrir la vacante en la titularidad de la Fiscal\u00eda General del Estado, tras la renuncia, el pasado viernes, de Arturo Peimbert Calvo.<\/p>\n\n\n\n<p>De acuerdo con un oficio del secretario de Servicios Parlamentarios, Jorge A. Gonz\u00e1lez Ilescas, la reuni\u00f3n virtual ser\u00e1 a las 11:00 horas de este lunes.<\/p>\n\n\n\n<p>\u201cPor instrucciones de la diputada M\u00edriam de los \u00c1ngeles V\u00e1squez Ruiz, presidenta de la Mesa Directiva de la Sexag\u00e9sima Quinta Legislatura del Honorable Congreso del Estado, se les cita para que registre su asistencia en l\u00ednea a las 11:00 horas de este lunes 26 de diciembre de 2022, en la plataforma digital que para tal efecto se habilite.<\/p>\n\n\n\n<p>\u201cPara llevar a cabo la sesi\u00f3n extraordinaria de forma virtual, correspondiente al primer periodo ordinario de sesiones del segundo a\u00f1o de ejercicio legislativo\u201d, refiere el documento turnado a los legisladores.<\/p>\n\n\n\n<p>Fue el pasado viernes 23 de diciembre en que Peimbert Calvo acudi\u00f3 a la sede del Poder Legislativo, en San Raymundo Jalpan, para entregar su renuncia a la Mesa Directiva.<\/p>\n\n\n\n<p>A la salida, en entrevista colectiva, dijo que era una decisi\u00f3n de car\u00e1cter personal pero desliz\u00f3 que el nuevo gobierno de Oaxaca deber\u00e1 contar con el espacio para trabajar de manera coordinada con las instituciones.<\/p>\n","protected":false},"excerpt":{"rendered":"<p>Redacci\u00f3n\/Zona Roja. Oaxaca de Ju\u00e1rez, Oax., a 26 de diciembre de 2022.- La presidenta de&hellip;<\/p>\n","protected":false},"author":2,"featured_media":5535,"comment_status":"closed","ping_status":"open","sticky":false,"template":"","format":"standard","meta":{"_lmt_disableupdate":"","_lmt_disable":"","_jetpack_memberships_contains_paid_content":false,"footnotes":""},"categories":[109,47],"tags":[2743],"class_list":["post-49702","post","type-post","status-publish","format-standard","has-post-thumbnail","hentry","category-minuto-a-minuto","category-zona-gris","tag-65-legislatura-del-estado-de-oaxaca"],"jetpack_featured_media_url":"https:\/\/zonaroja.com.mx\/wp-content\/uploads\/2019\/11\/Congreso-del-Estado.jpg","jetpack_sharing_enabled":true,"_links":{"self":[{"href":"https:\/\/zonaroja.com.mx\/index.php?rest_route=\/wp\/v2\/posts\/49702","targetHints":{"allow":["GET"]}}],"collection":[{"href":"https:\/\/zonaroja.com.mx\/index.php?rest_route=\/wp\/v2\/posts"}],"about":[{"href":"https:\/\/zonaroja.com.mx\/index.php?rest_route=\/wp\/v2\/types\/post"}],"author":[{"embeddable":true,"href":"https:\/\/zonaroja.com.mx\/index.php?rest_route=\/wp\/v2\/users\/2"}],"replies":[{"embeddable":true,"href":"https:\/\/zonaroja.com.mx\/index.php?rest_route=%2Fwp%2Fv2%2Fcomments&post=49702"}],"version-history":[{"count":1,"href":"https:\/\/zonaroja.com.mx\/index.php?rest_route=\/wp\/v2\/posts\/49702\/revisions"}],"predecessor-version":[{"id":49703,"href":"https:\/\/zonaroja.com.mx\/index.php?rest_route=\/wp\/v2\/posts\/49702\/revisions\/49703"}],"wp:featuredmedia":[{"embeddable":true,"href":"https:\/\/zonaroja.com.mx\/index.php?rest_route=\/wp\/v2\/media\/5535"}],"wp:attachment":[{"href":"https:\/\/zonaroja.com.mx\/index.php?rest_route=%2Fwp%2Fv2%2Fmedia&parent=49702"}],"wp:term":[{"taxonomy":"category","embeddable":true,"href":"https:\/\/zonaroja.com.mx\/index.php?rest_route=%2Fwp%2Fv2%2Fcategories&post=49702"},{"taxonomy":"post_tag","embeddable":true,"href":"https:\/\/zonaroja.com.mx\/index.php?rest_route=%2Fwp%2Fv2%2Ftags&post=49702"}],"curies":[{"name":"wp","href":"https:\/\/api.w.org\/{rel}","templated":true}]}}