{"id":49711,"date":"2022-12-26T08:25:55","date_gmt":"2022-12-26T14:25:55","guid":{"rendered":"http:\/\/www.zonaroja.com.mx\/?p=49711"},"modified":"2022-12-26T08:25:57","modified_gmt":"2022-12-26T14:25:57","slug":"cortan-servicios-a-familia-en-comunidad-de-oaxaca-por-ser-evangelicos","status":"publish","type":"post","link":"https:\/\/zonaroja.com.mx\/?p=49711","title":{"rendered":"Cortan servicios a familia en comunidad de Oaxaca, por ser evang\u00e9licos"},"content":{"rendered":"\n<p>Redacci\u00f3n\/Zona Roja.<\/p>\n\n\n\n<p>Oaxaca de Ju\u00e1rez, Oax., a 26 de diciembre de 2022.- Desde hace m\u00e1s de 18 d\u00edas, 10 familias de San Lorenzo P\u00e1palo, Oaxaca, no cuentan con servicios b\u00e1sicos debido a que la autoridad se las quit\u00f3, por profesar una religi\u00f3n distinta a la cat\u00f3lica.<\/p>\n\n\n\n<p>De acuerdo con la informaci\u00f3n difundida, en dicha comunidad perteneciente al municipio de Concepci\u00f3n P\u00e1palo, en la regi\u00f3n conocida antes como de la Ca\u00f1ada, la determinaci\u00f3n se tom\u00f3 porque \u201cse han negado a cooperar con la fiesta patronal\u201d.<\/p>\n\n\n\n<p>Los cristianos evang\u00e9licos afectados no cuentan con energ\u00eda el\u00e9ctrica ni agua potable, adem\u00e1s de que invadieron y destruyeron sus sembrad\u00edos de ma\u00edz, frijol, cebolla y nopal.<\/p>\n\n\n\n<p>Se\u00f1alaron que siempre han contribuido con las cooperaciones de la escuela, cl\u00ednica, tequios y todos otros servicios que requiera la comunidad, \u201cpero no pueden obligarnos a profesar la misma religi\u00f3n; nosotros no hemos cometido ning\u00fan delito para ser castigados de esta manera; se cumplen mas 18 d\u00edas de que surgi\u00f3 este problema y no se tiene respuesta alguna de las autoridades competentes.<\/p>\n\n\n\n<p>\u201cLa autoridad municipal, Asunci\u00f3n Contreras Castillo, as\u00ed como las autoridades de San Lorenzo P\u00e1palo no se presentan a donde son citados, tratando con este actuar de doblegarnos y someternos a sus caprichos violentando totalmente nuestros derechos humanos; de la Defensor\u00eda d ellos Derechos Humanos de Pueblo de Oaxaca es todo letra muerta para nosotros pese a existir un documento firmado en el a\u00f1o 2011 en este organismo.<\/p>\n\n\n\n<p>\u201cHoy es para nosotros una triste y amarga navidad, enfrentamos un presente y futuro incierto un a\u00f1o 2023 que est\u00e1 por llegar sin recibir atenci\u00f3n a nuestro planteamiento, justicia y respeto a nuestra religi\u00f3n, vivimos en un pa\u00eds libre y solo por pensar diferente estamos viviendo una situaci\u00f3n muy complicada\u201d, difundieron a trav\u00e9s de las redes sociales.<\/p>\n","protected":false},"excerpt":{"rendered":"<p>Redacci\u00f3n\/Zona Roja. Oaxaca de Ju\u00e1rez, Oax., a 26 de diciembre de 2022.- Desde hace m\u00e1s&hellip;<\/p>\n","protected":false},"author":2,"featured_media":49712,"comment_status":"closed","ping_status":"open","sticky":false,"template":"","format":"standard","meta":{"_lmt_disableupdate":"","_lmt_disable":"","_jetpack_memberships_contains_paid_content":false,"footnotes":""},"categories":[109,47],"tags":[3366],"class_list":["post-49711","post","type-post","status-publish","format-standard","has-post-thumbnail","hentry","category-minuto-a-minuto","category-zona-gris","tag-san-lorenzo-papalo"],"jetpack_featured_media_url":"https:\/\/zonaroja.com.mx\/wp-content\/uploads\/2022\/12\/Evangelicos-San-Lorenzo-Papalo.jpg","jetpack_sharing_enabled":true,"_links":{"self":[{"href":"https:\/\/zonaroja.com.mx\/index.php?rest_route=\/wp\/v2\/posts\/49711","targetHints":{"allow":["GET"]}}],"collection":[{"href":"https:\/\/zonaroja.com.mx\/index.php?rest_route=\/wp\/v2\/posts"}],"about":[{"href":"https:\/\/zonaroja.com.mx\/index.php?rest_route=\/wp\/v2\/types\/post"}],"author":[{"embeddable":true,"href":"https:\/\/zonaroja.com.mx\/index.php?rest_route=\/wp\/v2\/users\/2"}],"replies":[{"embeddable":true,"href":"https:\/\/zonaroja.com.mx\/index.php?rest_route=%2Fwp%2Fv2%2Fcomments&post=49711"}],"version-history":[{"count":1,"href":"https:\/\/zonaroja.com.mx\/index.php?rest_route=\/wp\/v2\/posts\/49711\/revisions"}],"predecessor-version":[{"id":49713,"href":"https:\/\/zonaroja.com.mx\/index.php?rest_route=\/wp\/v2\/posts\/49711\/revisions\/49713"}],"wp:featuredmedia":[{"embeddable":true,"href":"https:\/\/zonaroja.com.mx\/index.php?rest_route=\/wp\/v2\/media\/49712"}],"wp:attachment":[{"href":"https:\/\/zonaroja.com.mx\/index.php?rest_route=%2Fwp%2Fv2%2Fmedia&parent=49711"}],"wp:term":[{"taxonomy":"category","embeddable":true,"href":"https:\/\/zonaroja.com.mx\/index.php?rest_route=%2Fwp%2Fv2%2Fcategories&post=49711"},{"taxonomy":"post_tag","embeddable":true,"href":"https:\/\/zonaroja.com.mx\/index.php?rest_route=%2Fwp%2Fv2%2Ftags&post=49711"}],"curies":[{"name":"wp","href":"https:\/\/api.w.org\/{rel}","templated":true}]}}