{"id":49717,"date":"2022-12-26T15:26:03","date_gmt":"2022-12-26T21:26:03","guid":{"rendered":"http:\/\/www.zonaroja.com.mx\/?p=49717"},"modified":"2022-12-26T15:26:06","modified_gmt":"2022-12-26T21:26:06","slug":"inicia-congreso-de-oaxaca-proceso-para-elegir-a-proximo-fiscal-del-estado","status":"publish","type":"post","link":"https:\/\/zonaroja.com.mx\/?p=49717","title":{"rendered":"Inicia Congreso de Oaxaca proceso para elegir a pr\u00f3ximo fiscal del estado"},"content":{"rendered":"\n<p>Redacci\u00f3n\/Zona Roja.<\/p>\n\n\n\n<p>Oaxaca de Ju\u00e1rez, Oax., a 26 de diciembre de 2022.- En sesi\u00f3n extraordinaria este lunes, integrantes de la 65 Legislatura anunciaron que se abre la convocatoria para ocupar el cargo de titular de la Fiscal\u00eda General del Estado de Oaxaca (FGEO), tras hacerse oficial la renuncia de Arturo de Jes\u00fas Peimbert Calvo al puesto.<\/p>\n\n\n\n<p>En un comunicado, inform\u00f3 que tras dejar el cargo, el Vicefiscal General Zona Centro es el encargado de suplirlo hasta que se nombre a un nuevo titular, como lo especific\u00f3 Peimbert Calvo el en oficio SPF\/1810\/2022.&nbsp;<\/p>\n\n\n\n<p>Dicho oficio fue turnado a la Comisi\u00f3n Permanente de Administraci\u00f3n y Procuraci\u00f3n de Justicia, quien determin\u00f3 se d\u00e9 inicio a la convocatoria para que los oaxaque\u00f1os puedan sumarse a la terna para buscar ocupar este puesto, en los pr\u00f3ximos 20 d\u00edas.<\/p>\n\n\n\n<p>El presidente de la Junta de Coordinaci\u00f3n Pol\u00edtica (Jucopo), el diputado Luis Alfonso Silva Romo, extern\u00f3 que este proceso se realizar\u00e1 de manera transparente para garantizar la tranquilidad de la ciudadan\u00eda sobre quien ocupe el cargo.<\/p>\n\n\n\n<p>\u00abVienen tiempos nuevos para nuestra entidad, sin duda hay que reconocer el trabajo del fiscal que se est\u00e1 yendo y ahora el compromiso lo tenemos de manera compartida las y los legisladores de esta 65 Legislatura en conjunto con el titular del Poder Ejecutivo, el ingeniero Salom\u00f3n Jara Cruz, quien en un proceso compartido a partir de la aceptaci\u00f3n de esta renuncia, daremos paso a que la comisi\u00f3n emita la convocatoria y conforme lo dispuesto en la Constituci\u00f3n oaxaque\u00f1a, empezaremos el proceso de selecci\u00f3n del fiscal general de Oaxaca, persona que tendr\u00e1 una gran responsabilidad en materia de justicia en nuestro estado\u00bb, coment\u00f3.&nbsp;<\/p>\n\n\n\n<p>En su intervenci\u00f3n, la diputada Ysabel Martina Herrera Molina, pidi\u00f3 que se den a conocer los mecanismos de evaluaci\u00f3n a los aspirantes, as\u00ed como la calificaci\u00f3n obtenida en cada etapa del proceso.<\/p>\n\n\n\n<p>Se\u00f1al\u00f3 que es importante que los aspirantes sean evaluados conforme a sus logros profesionales y cuenten con cualidades que les permitan ocupar el cargo de manera correcta. \u00abA ning\u00fan oaxaque\u00f1o debe quedarle duda de quien resulte con el cargo, es \u00e9l o la mejor para ocupar tan alta distinci\u00f3n\u00bb, dijo la diputada Ysabel Herrera Molina.&nbsp;<\/p>\n\n\n\n<p>Cabe se\u00f1alar que, el pasado viernes 23 de diciembre, Arturo de Jes\u00fas Peimbert Calvo, exfiscal de Oaxaca, presentara su renuncia ante las diputadas Miriam de los \u00c1ngeles V\u00e1squez Ruiz y Lizett Arroyo Rodr\u00edguez, presidentas de la Mesa Directiva y de la Comisi\u00f3n Permanente de Administraci\u00f3n y Procuraci\u00f3n de Justicia, respectivamente.<\/p>\n\n\n\n<p>Este proyecto de acuerdo por el cual se aprueba que se d\u00e9 inicio a la convocatoria para ocupar la FGEO, fue aprobado con 39\u00a0votos\u00a0a\u00a0favor.<\/p>\n\n\n\n<figure class=\"wp-block-embed is-type-rich is-provider-twitter wp-block-embed-twitter\"><div class=\"wp-block-embed__wrapper\">\n<div class=\"twitter-tweet\"><blockquote class=\"twitter-tweet\" data-lang=\"es\"><p lang=\"es\" dir=\"ltr\"><a href=\"https:\/\/twitter.com\/hashtag\/%C3%9AltimoMinuto?src=hash&amp;ref_src=twsrc%5Etfw\">#\u00daltimoMinuto<\/a><br>En otra sesi\u00f3n extraordinaria, con 39 votos el pleno del <a href=\"https:\/\/twitter.com\/CongresoOaxaca_?ref_src=twsrc%5Etfw\">@CongresoOaxaca_<\/a> aprob\u00f3 la renuncia de <a href=\"https:\/\/twitter.com\/PeimbertArturo?ref_src=twsrc%5Etfw\">@PeimbertArturo<\/a> a la Fiscal\u00eda. <br>Tras ello, dan a conocer la convocatoria para elegir al o la titular de la <a href=\"https:\/\/twitter.com\/FISCALIA_GobOax?ref_src=twsrc%5Etfw\">@FISCALIA_GobOax<\/a>, en un plazo m\u00e1ximo de 20 d\u00edas h\u00e1biles. <a href=\"https:\/\/t.co\/OKvUl2mtZF\">pic.twitter.com\/OKvUl2mtZF<\/a><\/p>&mdash; Zona Roja Oaxaca (@ZonaRoja_Oaxaca) <a href=\"https:\/\/twitter.com\/ZonaRoja_Oaxaca\/status\/1607442291303612416?ref_src=twsrc%5Etfw\">26 de diciembre de 2022<\/a><\/blockquote><\/div>\n<\/div><\/figure>\n","protected":false},"excerpt":{"rendered":"<p>Redacci\u00f3n\/Zona Roja. Oaxaca de Ju\u00e1rez, Oax., a 26 de diciembre de 2022.- En sesi\u00f3n extraordinaria&hellip;<\/p>\n","protected":false},"author":2,"featured_media":49718,"comment_status":"closed","ping_status":"open","sticky":false,"template":"","format":"standard","meta":{"_lmt_disableupdate":"","_lmt_disable":"","_jetpack_memberships_contains_paid_content":false,"footnotes":""},"categories":[109,46],"tags":[2743],"class_list":["post-49717","post","type-post","status-publish","format-standard","has-post-thumbnail","hentry","category-minuto-a-minuto","category-zona-blanca","tag-65-legislatura-del-estado-de-oaxaca"],"jetpack_featured_media_url":"https:\/\/zonaroja.com.mx\/wp-content\/uploads\/2022\/12\/Comenzara-Congreso-proceso-de-seleccion-del-proximo-fiscal-FOTO-1.jpeg","jetpack_sharing_enabled":true,"_links":{"self":[{"href":"https:\/\/zonaroja.com.mx\/index.php?rest_route=\/wp\/v2\/posts\/49717","targetHints":{"allow":["GET"]}}],"collection":[{"href":"https:\/\/zonaroja.com.mx\/index.php?rest_route=\/wp\/v2\/posts"}],"about":[{"href":"https:\/\/zonaroja.com.mx\/index.php?rest_route=\/wp\/v2\/types\/post"}],"author":[{"embeddable":true,"href":"https:\/\/zonaroja.com.mx\/index.php?rest_route=\/wp\/v2\/users\/2"}],"replies":[{"embeddable":true,"href":"https:\/\/zonaroja.com.mx\/index.php?rest_route=%2Fwp%2Fv2%2Fcomments&post=49717"}],"version-history":[{"count":1,"href":"https:\/\/zonaroja.com.mx\/index.php?rest_route=\/wp\/v2\/posts\/49717\/revisions"}],"predecessor-version":[{"id":49719,"href":"https:\/\/zonaroja.com.mx\/index.php?rest_route=\/wp\/v2\/posts\/49717\/revisions\/49719"}],"wp:featuredmedia":[{"embeddable":true,"href":"https:\/\/zonaroja.com.mx\/index.php?rest_route=\/wp\/v2\/media\/49718"}],"wp:attachment":[{"href":"https:\/\/zonaroja.com.mx\/index.php?rest_route=%2Fwp%2Fv2%2Fmedia&parent=49717"}],"wp:term":[{"taxonomy":"category","embeddable":true,"href":"https:\/\/zonaroja.com.mx\/index.php?rest_route=%2Fwp%2Fv2%2Fcategories&post=49717"},{"taxonomy":"post_tag","embeddable":true,"href":"https:\/\/zonaroja.com.mx\/index.php?rest_route=%2Fwp%2Fv2%2Ftags&post=49717"}],"curies":[{"name":"wp","href":"https:\/\/api.w.org\/{rel}","templated":true}]}}