{"id":49722,"date":"2022-12-26T16:04:37","date_gmt":"2022-12-26T22:04:37","guid":{"rendered":"http:\/\/www.zonaroja.com.mx\/?p=49722"},"modified":"2022-12-26T16:04:39","modified_gmt":"2022-12-26T22:04:39","slug":"termina-tregua-navidena-inicia-lunes-con-marcha-y-toma-de-palacio-municipal","status":"publish","type":"post","link":"https:\/\/zonaroja.com.mx\/?p=49722","title":{"rendered":"Termina tregua navide\u00f1a: inicia lunes con marcha y \u201ctoma\u201d de palacio municipal"},"content":{"rendered":"\n<p>Redacci\u00f3n\/Zona Roja.<\/p>\n\n\n\n<p>Oaxaca de Ju\u00e1rez, Oax., a 26 de diciembre de 2022.- Tras la tregua por las festividades de la Noche de R\u00e1banos, Nochebuena y Navidad, las protestas reanudaron en Oaxaca.<\/p>\n\n\n\n<p>En la capital, la llamada Corriente del Pueblo \u201cSol Rojo\u201d march\u00f3 del parque \u201cEl Llano\u201d, sobre la avenida Ju\u00e1rez, hacia el z\u00f3calo.<\/p>\n\n\n\n<p>Culmin\u00f3 sus actividades con un mitin de al menos tres horas, que incluyeron actividades culturales, para conmemorar su el aniversario de su creaci\u00f3n.<\/p>\n\n\n\n<p>La organizaci\u00f3n que lidera Yolanda Ruiz llev\u00f3 a unas 200 personas, incluyendo madres de familia con hijos; instal\u00f3 frente al Palacio de Gobierno un templete y al final regal\u00f3 tortas y aguas frescas a los asistentes.<\/p>\n\n\n\n<p>Mientras que en Pluma Hidalgo, municipio de la regi\u00f3n de la Costa, un grupo de pobladores \u201ctom\u00f3\u201d el palacio municipal, para exigir al edil Josu\u00e9 Silva, informes acerca del presupuesto municipal, incluyendo los recursos financieros que envi\u00f3 el Presidente Andr\u00e9s Manuel L\u00f3pez Obrador para los damnificados por el hurac\u00e1n \u201c\u00c1gatha\u201d.<\/p>\n\n\n\n<p>Seg\u00fan los habitantes de la agencia de Santa Maria Magdalena, el presidente municipal \u2014que concluye su mandato este 31 de diciembre\u2014 recibi\u00f3 al menos 110 millones de pesos durante su administraci\u00f3n.<\/p>\n\n\n\n<p>Ello incluye 50 millones de pesos enviados por el gobierno federal para los afectados por el fen\u00f3meno hidrometeorol\u00f3gico ocurrido este a\u00f1o.<\/p>\n\n\n\n<p>No obstante, los inconformes se\u00f1alaron que ni estos apoyos ni los recursos presupuestales anuales han recibido, por lo cual reclamaron la presencia del presidente municipal.<\/p>\n\n\n\n<p>Acusaron asimismo que el edil se la pasa la mayor parte del tiempo despachando en la capital oaxaque\u00f1a, sin atender las necesidades de ese municipio, que se caracteriza por ser de hombres y mujeres dedicados a la siembra y cosecha del caf\u00e9.<\/p>\n\n\n\n<p>Ante la nula atenci\u00f3n de la autoridad municipal, como de la estatal que encabeza Salom\u00f3n Jara Cruz, amagaron con bloquear la carretera de acceso as\u00ed como la v\u00eda federal 200 de la Costa.<\/p>\n\n\n\n<figure class=\"wp-block-embed is-type-rich is-provider-twitter wp-block-embed-twitter\"><div class=\"wp-block-embed__wrapper\">\n<div class=\"twitter-tweet\"><blockquote class=\"twitter-tweet\" data-lang=\"es\"><p lang=\"es\" dir=\"ltr\"><a href=\"https:\/\/twitter.com\/hashtag\/%C3%9AltimoMinuto?src=hash&amp;ref_src=twsrc%5Etfw\">#\u00daltimoMinuto<\/a><br>Llega la marcha de la organizaci\u00f3n \u201cSol Rojo\u201d frente al Palacio de Gobierno, ciudad de Oaxaca, donde instalaron un templete para su mitin; turistas admiran la manifestaci\u00f3n. <a href=\"https:\/\/t.co\/vecuHtpgCM\">pic.twitter.com\/vecuHtpgCM<\/a><\/p>&mdash; Zona Roja Oaxaca (@ZonaRoja_Oaxaca) <a href=\"https:\/\/twitter.com\/ZonaRoja_Oaxaca\/status\/1607420643812712449?ref_src=twsrc%5Etfw\">26 de diciembre de 2022<\/a><\/blockquote><\/div>\n<\/div><\/figure>\n","protected":false},"excerpt":{"rendered":"<p>Redacci\u00f3n\/Zona Roja. Oaxaca de Ju\u00e1rez, Oax., a 26 de diciembre de 2022.- Tras la tregua&hellip;<\/p>\n","protected":false},"author":2,"featured_media":49723,"comment_status":"closed","ping_status":"open","sticky":false,"template":"","format":"standard","meta":{"_lmt_disableupdate":"","_lmt_disable":"","_jetpack_memberships_contains_paid_content":false,"footnotes":""},"categories":[109,47],"tags":[2264],"class_list":["post-49722","post","type-post","status-publish","format-standard","has-post-thumbnail","hentry","category-minuto-a-minuto","category-zona-gris","tag-bloqueos-y-protestas-oaxaca"],"jetpack_featured_media_url":"https:\/\/zonaroja.com.mx\/wp-content\/uploads\/2022\/12\/Marcha-Corriente-Sol-Rojo-Oaxaca.jpg","jetpack_sharing_enabled":true,"_links":{"self":[{"href":"https:\/\/zonaroja.com.mx\/index.php?rest_route=\/wp\/v2\/posts\/49722","targetHints":{"allow":["GET"]}}],"collection":[{"href":"https:\/\/zonaroja.com.mx\/index.php?rest_route=\/wp\/v2\/posts"}],"about":[{"href":"https:\/\/zonaroja.com.mx\/index.php?rest_route=\/wp\/v2\/types\/post"}],"author":[{"embeddable":true,"href":"https:\/\/zonaroja.com.mx\/index.php?rest_route=\/wp\/v2\/users\/2"}],"replies":[{"embeddable":true,"href":"https:\/\/zonaroja.com.mx\/index.php?rest_route=%2Fwp%2Fv2%2Fcomments&post=49722"}],"version-history":[{"count":1,"href":"https:\/\/zonaroja.com.mx\/index.php?rest_route=\/wp\/v2\/posts\/49722\/revisions"}],"predecessor-version":[{"id":49724,"href":"https:\/\/zonaroja.com.mx\/index.php?rest_route=\/wp\/v2\/posts\/49722\/revisions\/49724"}],"wp:featuredmedia":[{"embeddable":true,"href":"https:\/\/zonaroja.com.mx\/index.php?rest_route=\/wp\/v2\/media\/49723"}],"wp:attachment":[{"href":"https:\/\/zonaroja.com.mx\/index.php?rest_route=%2Fwp%2Fv2%2Fmedia&parent=49722"}],"wp:term":[{"taxonomy":"category","embeddable":true,"href":"https:\/\/zonaroja.com.mx\/index.php?rest_route=%2Fwp%2Fv2%2Fcategories&post=49722"},{"taxonomy":"post_tag","embeddable":true,"href":"https:\/\/zonaroja.com.mx\/index.php?rest_route=%2Fwp%2Fv2%2Ftags&post=49722"}],"curies":[{"name":"wp","href":"https:\/\/api.w.org\/{rel}","templated":true}]}}