{"id":49725,"date":"2022-12-26T21:37:14","date_gmt":"2022-12-27T03:37:14","guid":{"rendered":"http:\/\/www.zonaroja.com.mx\/?p=49725"},"modified":"2022-12-26T21:37:16","modified_gmt":"2022-12-27T03:37:16","slug":"enreda-gobierno-de-oaxaca-caso-de-rabia-en-humanos-en-texmelucan","status":"publish","type":"post","link":"https:\/\/zonaroja.com.mx\/?p=49725","title":{"rendered":"Enreda gobierno de Oaxaca caso de rabia en humanos en Texmelucan"},"content":{"rendered":"\n<p>Ismael Garc\u00eda M.\/Zona Roja.<\/p>\n\n\n\n<p>Oaxaca de Ju\u00e1rez, Oax., a 26 de diciembre de 2022.- Tras el reclamo de autoridades municipales de San Lorenzo Texmelucan, los Servicios de Salud del gobierno de Oaxaca reclasificaron como \u201crabia silvestre\u201d la enfermedad con la que se contagiaron tres menores de edad.<\/p>\n\n\n\n<p>Desde ayer, la dependencia que encabeza Alma Lilia Velasco Hern\u00e1ndez, difundi\u00f3 fichas informativas del caso, ocurrido en la comunidad de Palo de Lima del citado municipio, ubicado en la regi\u00f3n Sierra Sur del estado.<\/p>\n\n\n\n<p>En una primera tarjeta informativa report\u00f3 que se trataba de \u201crabia en humanos\u201d, y en una segunda tarjeta, lo calific\u00f3 como \u201crabia humana\u201d.<\/p>\n\n\n\n<p>Sin embargo, el ayuntamiento de Texmelucan pidi\u00f3 a las autoridades y a los medios de comunicaci\u00f3n no dar por hecho dicha enfermedad:<\/p>\n\n\n\n<p>\u201c\u201dSolicitamos de la manera m\u00e1s atenta y respetuosa a nuestra ciudadan\u00eda y al p\u00fablico en general que se eviten de publicar y vitalizar las falsas noticias sobre el posible virus de rabia humana en este municipio, con el prop\u00f3sito de evitar el p\u00e1nico en la regi\u00f3n y, por consiguiente, afectar a nuestros ciudadanos, informando que la informaci\u00f3n es falsa, ya que hasta el momento no existe un dictamen oficial que asegure de que realmente se trate del virus de la rabia humana.<\/p>\n\n\n\n<p>\u201cAs\u00ed mismo, les informamos que la autoridad municipal en conjunto con la Secretar\u00eda de Salud del estado est\u00e1n llevando a cabo las actividades necesarias para verificar si realmente se trata del virus de la rabia humana o de alguna otra afecci\u00f3n, y en seguida se les dar\u00e1 a conocer la informaci\u00f3n correcta\u201d, asegur\u00f3 en un comunicado firmado por el edil Alejo Bautista P\u00e9rez y el regidor de Salud, Ferm\u00edn Antonio.<\/p>\n\n\n\n<p>Ante ello, esta tarde los Servicios de Salud dieron a conocer un video en la que su titular inform\u00f3 de la aparici\u00f3n de tres casos en menores de posible rabia silvestre y precis\u00f3 que es transmitida por un animal, en este caso por la mordedura de un murci\u00e9lago.<\/p>\n\n\n\n<p>\u201cPara evitar la desinformaci\u00f3n o noticias falsas, es muy importante se\u00f1alar que el caso ya est\u00e1 siendo atendido por las dependencias sanitarias estatales y federales y los menores se encuentran hospitalizados recibiendo la atenci\u00f3n m\u00e9dica especializada\u201d, dijo.<\/p>\n\n\n\n<p>Abund\u00f3 que en dos de los tres casos el estado de salud de los menores es cr\u00edtico; adem\u00e1s, se inici\u00f3 el protocolo de vigilancia epidemiol\u00f3gica para quienes convivieron con los infectados.<\/p>\n\n\n\n<p>Y argument\u00f3:<\/p>\n\n\n\n<p>\u201cEs importante decir que las ni\u00f1as y el menor infectado viven en una comunidad con condiciones de extrema marginalidad, resultado de la falta de atenci\u00f3n de los gobiernos anteriores\u201d.<\/p>\n\n\n\n<p>La titular de Salud abund\u00f3 que se esperan los resultados de laboratorio para confirmar o descartar la enfermedad.<\/p>\n\n\n\n<figure class=\"wp-block-embed is-type-rich is-provider-twitter wp-block-embed-twitter\"><div class=\"wp-block-embed__wrapper\">\n<div class=\"twitter-tweet\"><blockquote class=\"twitter-tweet\" data-lang=\"es\"><p lang=\"es\" dir=\"ltr\"><a href=\"https:\/\/twitter.com\/hashtag\/OaxacaGris?src=hash&amp;ref_src=twsrc%5Etfw\">#OaxacaGris<\/a><br>Sobre caso de San Lorenzo Texmelucan, desde ayer los <a href=\"https:\/\/twitter.com\/SSO_GobOax?ref_src=twsrc%5Etfw\">@SSO_GobOax<\/a> manejaron los t\u00e9rminos \u201crabia en humanos\u201d y \u201crabia humana\u201d.<br>Autoridad municipal reclam\u00f3 y dijo que a\u00fan no estaba confirmado el tipo de enfermedad.<br>El <a href=\"https:\/\/twitter.com\/GobOax?ref_src=twsrc%5Etfw\">@GobOax<\/a> cambi\u00f3 el t\u00e9rmino por \u201crabia silvestre\u201d hoy. <a href=\"https:\/\/t.co\/eYrPpK57D4\">pic.twitter.com\/eYrPpK57D4<\/a><\/p>&mdash; Zona Roja Oaxaca (@ZonaRoja_Oaxaca) <a href=\"https:\/\/twitter.com\/ZonaRoja_Oaxaca\/status\/1607516008494891009?ref_src=twsrc%5Etfw\">26 de diciembre de 2022<\/a><\/blockquote><\/div>\n<\/div><\/figure>\n","protected":false},"excerpt":{"rendered":"<p>Ismael Garc\u00eda M.\/Zona Roja. Oaxaca de Ju\u00e1rez, Oax., a 26 de diciembre de 2022.- Tras&hellip;<\/p>\n","protected":false},"author":2,"featured_media":49726,"comment_status":"closed","ping_status":"open","sticky":false,"template":"","format":"standard","meta":{"_lmt_disableupdate":"","_lmt_disable":"","_jetpack_memberships_contains_paid_content":false,"footnotes":""},"categories":[109,47],"tags":[2292],"class_list":["post-49725","post","type-post","status-publish","format-standard","has-post-thumbnail","hentry","category-minuto-a-minuto","category-zona-gris","tag-san-lorenzo-texmelucan"],"jetpack_featured_media_url":"https:\/\/zonaroja.com.mx\/wp-content\/uploads\/2022\/12\/Caso-rabia-humana-Texmelucan-SSO.jpg","jetpack_sharing_enabled":true,"_links":{"self":[{"href":"https:\/\/zonaroja.com.mx\/index.php?rest_route=\/wp\/v2\/posts\/49725","targetHints":{"allow":["GET"]}}],"collection":[{"href":"https:\/\/zonaroja.com.mx\/index.php?rest_route=\/wp\/v2\/posts"}],"about":[{"href":"https:\/\/zonaroja.com.mx\/index.php?rest_route=\/wp\/v2\/types\/post"}],"author":[{"embeddable":true,"href":"https:\/\/zonaroja.com.mx\/index.php?rest_route=\/wp\/v2\/users\/2"}],"replies":[{"embeddable":true,"href":"https:\/\/zonaroja.com.mx\/index.php?rest_route=%2Fwp%2Fv2%2Fcomments&post=49725"}],"version-history":[{"count":1,"href":"https:\/\/zonaroja.com.mx\/index.php?rest_route=\/wp\/v2\/posts\/49725\/revisions"}],"predecessor-version":[{"id":49727,"href":"https:\/\/zonaroja.com.mx\/index.php?rest_route=\/wp\/v2\/posts\/49725\/revisions\/49727"}],"wp:featuredmedia":[{"embeddable":true,"href":"https:\/\/zonaroja.com.mx\/index.php?rest_route=\/wp\/v2\/media\/49726"}],"wp:attachment":[{"href":"https:\/\/zonaroja.com.mx\/index.php?rest_route=%2Fwp%2Fv2%2Fmedia&parent=49725"}],"wp:term":[{"taxonomy":"category","embeddable":true,"href":"https:\/\/zonaroja.com.mx\/index.php?rest_route=%2Fwp%2Fv2%2Fcategories&post=49725"},{"taxonomy":"post_tag","embeddable":true,"href":"https:\/\/zonaroja.com.mx\/index.php?rest_route=%2Fwp%2Fv2%2Ftags&post=49725"}],"curies":[{"name":"wp","href":"https:\/\/api.w.org\/{rel}","templated":true}]}}