{"id":49734,"date":"2022-12-27T08:30:00","date_gmt":"2022-12-27T14:30:00","guid":{"rendered":"http:\/\/www.zonaroja.com.mx\/?p=49734"},"modified":"2022-12-27T06:53:23","modified_gmt":"2022-12-27T12:53:23","slug":"brinda-el-poder-judicial-atencion-prioritaria-y-con-sentido-humanizado","status":"publish","type":"post","link":"https:\/\/zonaroja.com.mx\/?p=49734","title":{"rendered":"Brinda el Poder Judicial atenci\u00f3n prioritaria y con sentido humanizado"},"content":{"rendered":"\n<p>Redacci\u00f3n\/Zona Roja.<\/p>\n\n\n\n<p>Oaxaca de Ju\u00e1rez, Oax., a 27 de diciembre de 2022.- Durante su participaci\u00f3n en la ceremonia de liberaci\u00f3n de personas ind\u00edgenas y de escasos recursos privadas de su libertad, el titular del Poder Judicial del Estado, magistrado Eduardo Pinacho S\u00e1nchez, se\u00f1al\u00f3 que esta instituci\u00f3n trabaja de manera coordinada, arm\u00f3nica y colaborativa&nbsp;con instancias del Gobierno del Estado y la sociedad civil en acciones para la protecci\u00f3n de los sectores sociales hist\u00f3ricamente vulnerados.<\/p>\n\n\n\n<p>En el evento, en la cual acompa\u00f1\u00f3 al gobernador Salom\u00f3n Jara Cruz en la entrega simb\u00f3lica de constancias de libertad anticipada a 23 internos por delitos del fuero com\u00fan, exhort\u00f3&nbsp;a la reflexi\u00f3n alas y&nbsp;los beneficiados, ya que independientemente de la falta que hayan cometido, se les otorga una nueva oportunidad para iniciar un nuevo proyecto de vida.<\/p>\n\n\n\n<p>Ante la presidenta honoraria del DIF-Oaxaca, Irma Bola\u00f1os Quijano; del secretario de Gobierno, Jes\u00fas Romero L\u00f3pez y del director de la Defensor\u00eda P\u00fablica del Estado, Marcelo Merino Garc\u00eda, entre otras personalidades,&nbsp;reiter\u00f3 el compromiso del Poder Judicial&nbsp;del Estado&nbsp;de colaborar en estos procedimientos, con un enfoque humanizado.&nbsp;<\/p>\n\n\n\n<p>\u201cPara todos y cada uno de ustedes que obtienen su libertad,&nbsp;se abre una nueva oportunidad,&nbsp;una nueva posibilidad, independientemente de&nbsp;aquellas causas&nbsp;por las que hayan cometido un il\u00edcito, la sociedad con este&nbsp;acto les otorga el perd\u00f3n y&nbsp;les abre la oportunidad para que puedan reinsertarse&nbsp;y contribuir al desarrollo de Oaxaca\u201d, manifest\u00f3 el presidente del Tribunal Superior de Justicia y del Consejo de la Judicatura del Estado.&nbsp;<\/p>\n\n\n\n<p>El magistrado Pinacho S\u00e1nchez reconoci\u00f3 tambi\u00e9n la preocupaci\u00f3n que&nbsp;desde el principio de su gobierno y como un eje ideol\u00f3gico fundamental de su administraci\u00f3n,&nbsp;ha mostrado&nbsp;el Gobernador del Estado&nbsp;por&nbsp;los&nbsp;sectores sociales vulnerados&nbsp;y ponder\u00f3 que con los beneficios entregados en esta ceremonia&nbsp;en lo que va del a\u00f1o 2022 se ha logrado dar libertad a un total de 345 personas, de las cuales 317 han sido hombres y 28 mujeres, en los 10 Centros de Reinserci\u00f3n Social de la entidad.<\/p>\n","protected":false},"excerpt":{"rendered":"<p>Redacci\u00f3n\/Zona Roja. Oaxaca de Ju\u00e1rez, Oax., a 27 de diciembre de 2022.- Durante su participaci\u00f3n&hellip;<\/p>\n","protected":false},"author":2,"featured_media":49735,"comment_status":"closed","ping_status":"open","sticky":false,"template":"","format":"standard","meta":{"_lmt_disableupdate":"","_lmt_disable":"","_jetpack_memberships_contains_paid_content":false,"footnotes":""},"categories":[109,46],"tags":[223],"class_list":["post-49734","post","type-post","status-publish","format-standard","has-post-thumbnail","hentry","category-minuto-a-minuto","category-zona-blanca","tag-poder-judicial-de-oaxaca"],"jetpack_featured_media_url":"https:\/\/zonaroja.com.mx\/wp-content\/uploads\/2022\/12\/El-titular-del-Poder-Judicial-participo-en-la-ceremonia.jpg","jetpack_sharing_enabled":true,"_links":{"self":[{"href":"https:\/\/zonaroja.com.mx\/index.php?rest_route=\/wp\/v2\/posts\/49734","targetHints":{"allow":["GET"]}}],"collection":[{"href":"https:\/\/zonaroja.com.mx\/index.php?rest_route=\/wp\/v2\/posts"}],"about":[{"href":"https:\/\/zonaroja.com.mx\/index.php?rest_route=\/wp\/v2\/types\/post"}],"author":[{"embeddable":true,"href":"https:\/\/zonaroja.com.mx\/index.php?rest_route=\/wp\/v2\/users\/2"}],"replies":[{"embeddable":true,"href":"https:\/\/zonaroja.com.mx\/index.php?rest_route=%2Fwp%2Fv2%2Fcomments&post=49734"}],"version-history":[{"count":1,"href":"https:\/\/zonaroja.com.mx\/index.php?rest_route=\/wp\/v2\/posts\/49734\/revisions"}],"predecessor-version":[{"id":49736,"href":"https:\/\/zonaroja.com.mx\/index.php?rest_route=\/wp\/v2\/posts\/49734\/revisions\/49736"}],"wp:featuredmedia":[{"embeddable":true,"href":"https:\/\/zonaroja.com.mx\/index.php?rest_route=\/wp\/v2\/media\/49735"}],"wp:attachment":[{"href":"https:\/\/zonaroja.com.mx\/index.php?rest_route=%2Fwp%2Fv2%2Fmedia&parent=49734"}],"wp:term":[{"taxonomy":"category","embeddable":true,"href":"https:\/\/zonaroja.com.mx\/index.php?rest_route=%2Fwp%2Fv2%2Fcategories&post=49734"},{"taxonomy":"post_tag","embeddable":true,"href":"https:\/\/zonaroja.com.mx\/index.php?rest_route=%2Fwp%2Fv2%2Ftags&post=49734"}],"curies":[{"name":"wp","href":"https:\/\/api.w.org\/{rel}","templated":true}]}}