{"id":49742,"date":"2022-12-27T07:30:27","date_gmt":"2022-12-27T13:30:27","guid":{"rendered":"http:\/\/www.zonaroja.com.mx\/?p=49742"},"modified":"2022-12-27T07:30:28","modified_gmt":"2022-12-27T13:30:28","slug":"completamente-ebrio-edil-de-la-villa-de-mitla-agrede-a-ciudadanos","status":"publish","type":"post","link":"https:\/\/zonaroja.com.mx\/?p=49742","title":{"rendered":"Completamente ebrio, edil de la Villa de Mitla agrede a ciudadanos"},"content":{"rendered":"\n<p>Redacci\u00f3n\/Zona Roja.<\/p>\n\n\n\n<p>Oaxaca de Ju\u00e1rez, Oax., a 27 de diciembre de 2022.- En completo estado de ebriedad, el presidente municipal de la Villa de Mitla, Luis Armando Olivera L\u00f3pez, agredi\u00f3 a golpes a un ciudadano, que le respondi\u00f3 de la misma manera.<\/p>\n\n\n\n<p>El edil postulado por el Partido Acci\u00f3n Nacional, habr\u00eda estado festejando desde la Navidad con sus allegados y amigos, y ayer continu\u00f3 el convivio tras la entrega por parte del INAH del reconocimiento a la zona arqueol\u00f3gica de Mitla.<\/p>\n\n\n\n<p>Aunque a\u00fan no se ha revelado el motivo por el cual el agredi\u00f3 a un taxista, de acuerdo con un video difundido a trav\u00e9s de las redes sociales, sus colaboradores intentaban impedir que Olivera L\u00f3pez siguiera golpeando a un ciudadano.<\/p>\n\n\n\n<p>Presuntamente ingres\u00f3 a un domicilio particular, habilitado como estacionamiento por un afiliado al sindicato Confederaci\u00f3n Joven, identificado como Diego Ju\u00e1rez, alias \u201cEl Godzila\u201d.<\/p>\n\n\n\n<p>\u201cYa g\u00fcey tranquilo, s\u00ed g\u00fcey, tranquilo, ya estuvo; \u00a1ya c\u00e1lmate Luis! Traquilo ya, ma\u00f1ana lo arreglamos; c\u00e1lmate g\u00fcey, ma\u00f1ana lo arreglamos\u201d, le gritaban sus colaboradores pero el edil panista segu\u00eda intentando golpear al chofer.<\/p>\n\n\n\n<p>Sin embargo, finalmente sus colaboradores, entre ellos el regidor de Hacienda, Orlando G\u00f3mez, con quien estaba festejando con bebidas embriagantes, lograron retirarlo del lugar.<\/p>\n\n\n\n<p>Los afectados anunciaron que interpondr\u00e1n una denuncia ante la Fiscal\u00eda General del Estado de Oaxaca por invasi\u00f3n a la privacidad y agresi\u00f3n f\u00edsica, mientras que los habitantes de la Villa de Mitla acusaron que no es la \u00fanica ocasi\u00f3n en que el edil panista se comporta de manera agresiva.<\/p>\n","protected":false},"excerpt":{"rendered":"<p>Redacci\u00f3n\/Zona Roja. Oaxaca de Ju\u00e1rez, Oax., a 27 de diciembre de 2022.- En completo estado&hellip;<\/p>\n","protected":false},"author":2,"featured_media":49743,"comment_status":"closed","ping_status":"open","sticky":false,"template":"","format":"standard","meta":{"_lmt_disableupdate":"","_lmt_disable":"","_jetpack_memberships_contains_paid_content":false,"footnotes":""},"categories":[109,47],"tags":[3367,1127],"class_list":["post-49742","post","type-post","status-publish","format-standard","has-post-thumbnail","hentry","category-minuto-a-minuto","category-zona-gris","tag-luis-armando-olivera-lopez","tag-san-pablo-villa-de-mitla"],"jetpack_featured_media_url":"https:\/\/zonaroja.com.mx\/wp-content\/uploads\/2022\/12\/Luis-Armando-Olivera-Mitla.jpg","jetpack_sharing_enabled":true,"_links":{"self":[{"href":"https:\/\/zonaroja.com.mx\/index.php?rest_route=\/wp\/v2\/posts\/49742","targetHints":{"allow":["GET"]}}],"collection":[{"href":"https:\/\/zonaroja.com.mx\/index.php?rest_route=\/wp\/v2\/posts"}],"about":[{"href":"https:\/\/zonaroja.com.mx\/index.php?rest_route=\/wp\/v2\/types\/post"}],"author":[{"embeddable":true,"href":"https:\/\/zonaroja.com.mx\/index.php?rest_route=\/wp\/v2\/users\/2"}],"replies":[{"embeddable":true,"href":"https:\/\/zonaroja.com.mx\/index.php?rest_route=%2Fwp%2Fv2%2Fcomments&post=49742"}],"version-history":[{"count":1,"href":"https:\/\/zonaroja.com.mx\/index.php?rest_route=\/wp\/v2\/posts\/49742\/revisions"}],"predecessor-version":[{"id":49744,"href":"https:\/\/zonaroja.com.mx\/index.php?rest_route=\/wp\/v2\/posts\/49742\/revisions\/49744"}],"wp:featuredmedia":[{"embeddable":true,"href":"https:\/\/zonaroja.com.mx\/index.php?rest_route=\/wp\/v2\/media\/49743"}],"wp:attachment":[{"href":"https:\/\/zonaroja.com.mx\/index.php?rest_route=%2Fwp%2Fv2%2Fmedia&parent=49742"}],"wp:term":[{"taxonomy":"category","embeddable":true,"href":"https:\/\/zonaroja.com.mx\/index.php?rest_route=%2Fwp%2Fv2%2Fcategories&post=49742"},{"taxonomy":"post_tag","embeddable":true,"href":"https:\/\/zonaroja.com.mx\/index.php?rest_route=%2Fwp%2Fv2%2Ftags&post=49742"}],"curies":[{"name":"wp","href":"https:\/\/api.w.org\/{rel}","templated":true}]}}