{"id":49748,"date":"2022-12-27T08:41:07","date_gmt":"2022-12-27T14:41:07","guid":{"rendered":"http:\/\/www.zonaroja.com.mx\/?p=49748"},"modified":"2022-12-27T08:41:10","modified_gmt":"2022-12-27T14:41:10","slug":"retuvo-a-ciudadanos-en-la-carcel-genero-violencia-y-creo-grupo-armado-y-ahora-es-edil","status":"publish","type":"post","link":"https:\/\/zonaroja.com.mx\/?p=49748","title":{"rendered":"Retuvo a ciudadanos en la c\u00e1rcel, gener\u00f3 violencia y cre\u00f3 grupo armado y ahora es edil"},"content":{"rendered":"\n<p>Ismael Garc\u00eda M.\/Zona Roja.<\/p>\n\n\n\n<p>Oaxaca de Ju\u00e1rez, Oax., a 27 de diciembre de 2022.- Por m\u00e1s de medio a\u00f1o sembr\u00f3 el terror en San Mart\u00edn Peras; encabez\u00f3 la \u201ctoma\u201d del palacio municipal; retuvo ilegalmente a varias personas, entre ellas dos mujeres, en la c\u00e1rcel; cre\u00f3 un grupo armado con fusiles de uso exclusivo del Ej\u00e9rcito\u2026 y ahora es presidente municipal.<\/p>\n\n\n\n<p>Se trata de Elpidio Ram\u00edrez Morales, quien fue electo el pasado fin de semana como edil de ese municipio de la regi\u00f3n Mixteca del estado de Oaxaca.<\/p>\n\n\n\n<p>De acuerdo con datos preliminares, la asamblea inici\u00f3 el s\u00e1bado por la ma\u00f1ana y culmin\u00f3 el domingo 25 de diciembre por la noche.<\/p>\n\n\n\n<p>Ram\u00edrez Morales obtuvo mil 13 votos sobre su m\u00e1s cercano competidor, aunque hasta el momento la elecci\u00f3n por el r\u00e9gimen de Sistemas Normativos Internos a\u00fan no ha sido avalado por el Instituto Estatal Electoral y de Participaci\u00f3n Ciudadana de Oaxaca.<\/p>\n\n\n\n<p>Roberto Salvador D\u00edaz fue designado como s\u00edndico; Gabriel Rosete Bautista, como regidor de Hacienda; a Juan Ram\u00edrez Mart\u00ednez con regidor de Obras; Rosal\u00eda L\u00f3pez Perea, regidora de Salud, entre otros.<\/p>\n\n\n\n<p>Elpidio Ram\u00edrez Morales encabez\u00f3 una revuelta en contra del presidente municipal Rom\u00e1n Ju\u00e1rez, al denunciarlo de manera reiterada por desv\u00edo de recursos y falta de obras.<\/p>\n\n\n\n<p>El edil, que concluye su mandato a fin de mes, estuvo retenido en enero pasado por casi 20 d\u00edas, tras lo cual lo trasladaron a la capital para que firmara su renuncia.<\/p>\n\n\n\n<p>El 26 de julio pasado se realiz\u00f3 una primera asamblea en que fue electo edil, pero no reconocido legalmente, por lo cual intensific\u00f3 sus movilizaciones.<\/p>\n\n\n\n<p>A finales de junio, el IEEPCO aprob\u00f3 por mayor\u00eda de votos no validar la Terminaci\u00f3n Anticipada de Mandato de las concejaleas propietarias y suplencias del ayuntamiento de San Mart\u00edn Peras, electas en el a\u00f1o 2019, toda vez que la Asamblea General celebrada el pasado mes de abril no se realiz\u00f3 bajo par\u0431metros de certeza ni se apego al Sistema Normativo Ind\u00edgena del municipio.<\/p>\n\n\n\n<p>A principios de diciembre, Elpidido Ram\u00edrez arreci\u00f3 su protesta y encarcel\u00f3 a la esposa y la madre del presidente municipal, liberadas dos semanas despu\u00e9s, a cambio de realizar elecciones, lo que finalmente ocurri\u00f3 el pasado fin de semana.<\/p>\n\n\n\n<figure class=\"wp-block-embed is-type-video is-provider-youtube wp-block-embed-youtube wp-embed-aspect-16-9 wp-has-aspect-ratio\"><div class=\"wp-block-embed__wrapper\">\n<iframe title=\"ELPIDIO RAMIREZ MORALES PRESIDENTE ELECTO CON 1013 VOTOS, SAN MART\u00cdN PERAS, OAXACA\" width=\"1170\" height=\"658\" src=\"https:\/\/www.youtube.com\/embed\/M-BRRBs1YsI?feature=oembed\" frameborder=\"0\" allow=\"accelerometer; autoplay; clipboard-write; encrypted-media; gyroscope; picture-in-picture\" allowfullscreen><\/iframe>\n<\/div><\/figure>\n","protected":false},"excerpt":{"rendered":"<p>Ismael Garc\u00eda M.\/Zona Roja. Oaxaca de Ju\u00e1rez, Oax., a 27 de diciembre de 2022.- Por&hellip;<\/p>\n","protected":false},"author":2,"featured_media":44402,"comment_status":"closed","ping_status":"open","sticky":false,"template":"","format":"standard","meta":{"_lmt_disableupdate":"","_lmt_disable":"","_jetpack_memberships_contains_paid_content":false,"footnotes":""},"categories":[109,47],"tags":[1872],"class_list":["post-49748","post","type-post","status-publish","format-standard","has-post-thumbnail","hentry","category-minuto-a-minuto","category-zona-gris","tag-san-martin-peras"],"jetpack_featured_media_url":"https:\/\/zonaroja.com.mx\/wp-content\/uploads\/2022\/08\/Protesta-San-Martin-Pereas.jpg","jetpack_sharing_enabled":true,"_links":{"self":[{"href":"https:\/\/zonaroja.com.mx\/index.php?rest_route=\/wp\/v2\/posts\/49748","targetHints":{"allow":["GET"]}}],"collection":[{"href":"https:\/\/zonaroja.com.mx\/index.php?rest_route=\/wp\/v2\/posts"}],"about":[{"href":"https:\/\/zonaroja.com.mx\/index.php?rest_route=\/wp\/v2\/types\/post"}],"author":[{"embeddable":true,"href":"https:\/\/zonaroja.com.mx\/index.php?rest_route=\/wp\/v2\/users\/2"}],"replies":[{"embeddable":true,"href":"https:\/\/zonaroja.com.mx\/index.php?rest_route=%2Fwp%2Fv2%2Fcomments&post=49748"}],"version-history":[{"count":1,"href":"https:\/\/zonaroja.com.mx\/index.php?rest_route=\/wp\/v2\/posts\/49748\/revisions"}],"predecessor-version":[{"id":49749,"href":"https:\/\/zonaroja.com.mx\/index.php?rest_route=\/wp\/v2\/posts\/49748\/revisions\/49749"}],"wp:featuredmedia":[{"embeddable":true,"href":"https:\/\/zonaroja.com.mx\/index.php?rest_route=\/wp\/v2\/media\/44402"}],"wp:attachment":[{"href":"https:\/\/zonaroja.com.mx\/index.php?rest_route=%2Fwp%2Fv2%2Fmedia&parent=49748"}],"wp:term":[{"taxonomy":"category","embeddable":true,"href":"https:\/\/zonaroja.com.mx\/index.php?rest_route=%2Fwp%2Fv2%2Fcategories&post=49748"},{"taxonomy":"post_tag","embeddable":true,"href":"https:\/\/zonaroja.com.mx\/index.php?rest_route=%2Fwp%2Fv2%2Ftags&post=49748"}],"curies":[{"name":"wp","href":"https:\/\/api.w.org\/{rel}","templated":true}]}}